{"id":51467,"date":"2021-12-01T22:37:55","date_gmt":"2021-12-02T01:37:55","guid":{"rendered":"https:\/\/informateesquina.com\/?p=51467"},"modified":"2021-12-01T22:37:55","modified_gmt":"2021-12-02T01:37:55","slug":"encuesta-oficial-cuanto-tiempo-toma-mate-un-correntino","status":"publish","type":"post","link":"http:\/\/informateesquina.com\/?p=51467","title":{"rendered":"Encuesta oficial: Cu\u00e1nto tiempo toma mate un correntino"},"content":{"rendered":"<header class=\"header-interior\"><\/header>\n<div class=\"cont-nota\">\n<article class=\"cont-cuerpo\">\n<div class=\"cont-foto\">\n<figure class=\"nota-foto \"><img decoding=\"async\" title=\"\" src=\"https:\/\/www.corrienteshoy.com\/galeria\/fotos\/2021\/12\/01\/l_1638370115.jpg\" alt=\"\" data-src=\"\/images\/lazy.png\" \/><\/figure>\n<\/div>\n<div class=\"banner banner banner-728\"><\/div>\n<div class=\"herramientas is-fixed\">\n<div class=\"advthis\">La Direcci\u00f3n de Estad\u00edstica y Censo de la provincia dio a conocer en el marco del D\u00eda Nacional del Mate, el pasado martes 30 de noviembre, cu\u00e1nto tiempo y en qu\u00e9 momentos del d\u00eda, correntinos y correntinas consumen la tradicional infusi\u00f3n.<\/div>\n<\/div>\n<section class=\"texto\">\n<figure class=\"embed\"><img decoding=\"async\" class=\"\" src=\"https:\/\/www.corrienteshoy.com\/galeria\/fotos\/2021\/12\/01\/o_1638370136.jpg\" alt=\"\" data-src=\"https:\/\/www.corrienteshoy.com\/galeria\/fotos\/2021\/12\/01\/o_1638370136.jpg\" \/><\/figure>\n<p>El 56 % de las personas que respondieron la encuesta de uso del tiempo ha tomado mate durante alg\u00fan momento del d\u00eda. Lo hicieron durante un promedio de 124 minutos al d\u00eda.<\/p>\n<p>El mate es una actividad que puede realizarse a la par de otras actividades, como el trabajo, el estudio y el uso de dispositivos m\u00f3viles y en diversos horarios: Desayuno, media ma\u00f1ana, merienda e incluso antes de la cena. Previo a la emergencia sanitaria ocasionada por COVID-19 el ritual del mate inclu\u00eda compartirlo con otras personas, hoy en d\u00eda si bien esta pr\u00e1ctica est\u00e1 desaconsejada, las personas contin\u00faan tomando mate de forma individual.<\/p>\n<\/section>\n<\/article>\n<\/div>\n","protected":false},"excerpt":{"rendered":"<p>La Direcci\u00f3n de Estad\u00edstica y Censo de la provincia dio a conocer en el marco del D\u00eda Nacional del Mate, el pasado martes 30 de noviembre, cu\u00e1nto tiempo y en qu\u00e9 momentos del d\u00eda, correntinos y correntinas consumen la tradicional infusi\u00f3n. El 56 % de las personas que respondieron la encuesta de uso del tiempo [&hellip;]<\/p>\n","protected":false},"author":3,"featured_media":51468,"comment_status":"open","ping_status":"open","sticky":false,"template":"","format":"standard","meta":{"footnotes":""},"categories":[11],"tags":[],"class_list":["post-51467","post","type-post","status-publish","format-standard","has-post-thumbnail","hentry","category-sociedad"],"_links":{"self":[{"href":"http:\/\/informateesquina.com\/index.php?rest_route=\/wp\/v2\/posts\/51467","targetHints":{"allow":["GET"]}}],"collection":[{"href":"http:\/\/informateesquina.com\/index.php?rest_route=\/wp\/v2\/posts"}],"about":[{"href":"http:\/\/informateesquina.com\/index.php?rest_route=\/wp\/v2\/types\/post"}],"author":[{"embeddable":true,"href":"http:\/\/informateesquina.com\/index.php?rest_route=\/wp\/v2\/users\/3"}],"replies":[{"embeddable":true,"href":"http:\/\/informateesquina.com\/index.php?rest_route=%2Fwp%2Fv2%2Fcomments&post=51467"}],"version-history":[{"count":0,"href":"http:\/\/informateesquina.com\/index.php?rest_route=\/wp\/v2\/posts\/51467\/revisions"}],"wp:featuredmedia":[{"embeddable":true,"href":"http:\/\/informateesquina.com\/index.php?rest_route=\/wp\/v2\/media\/51468"}],"wp:attachment":[{"href":"http:\/\/informateesquina.com\/index.php?rest_route=%2Fwp%2Fv2%2Fmedia&parent=51467"}],"wp:term":[{"taxonomy":"category","embeddable":true,"href":"http:\/\/informateesquina.com\/index.php?rest_route=%2Fwp%2Fv2%2Fcategories&post=51467"},{"taxonomy":"post_tag","embeddable":true,"href":"http:\/\/informateesquina.com\/index.php?rest_route=%2Fwp%2Fv2%2Ftags&post=51467"}],"curies":[{"name":"wp","href":"https:\/\/api.w.org\/{rel}","templated":true}]}}