{"id":51470,"date":"2021-12-01T22:40:24","date_gmt":"2021-12-02T01:40:24","guid":{"rendered":"https:\/\/informateesquina.com\/?p=51470"},"modified":"2021-12-01T22:40:57","modified_gmt":"2021-12-02T01:40:57","slug":"noche-por-noche-el-adelanto-de-la-grilla-de-la-fiesta-nacional-del-chamame","status":"publish","type":"post","link":"http:\/\/informateesquina.com\/?p=51470","title":{"rendered":"Noche por noche: el adelanto de la grilla de la Fiesta Nacional del Chamam\u00e9"},"content":{"rendered":"<header class=\"header-interior\">\n<p id=\"nota-title\">El presidente del Instituto de Cultura, Gabriel Romero, dio a conocer este mi\u00e9rcoles un adelanto de la grilla de la Fiesta Nacional del Chamam\u00e9, que se realizar\u00e1 desde el 14 hasta el 23 de enero del 2022.<\/p>\n<p>En sus redes sociales, el funcionario sostuvo:&#8221;Hoy podemos confirmar a estos artistas por noche, es un adelanto de una grilla que traer\u00e1 m\u00e1s anuncios para lo cual estamos trabajando&#8221;.<\/p>\n<p>Adem\u00e1s, ayer desde el Instituto de Cultura indicaron que para ingresar a la Fiesta Nacional del Chamam\u00e9 se deber\u00e1 tener el esquema completo de vacunaci\u00f3n contra el coronavirus.<\/p>\n<p>A su vez, se precis\u00f3 que el precio de las entradas ser\u00e1 de 500 pesos.<\/p>\n<\/header>\n<div class=\"cont-nota\">\n<article class=\"cont-cuerpo\">\n<div class=\"cont-foto\">\n<figure class=\"nota-foto \"><img decoding=\"async\" title=\"\" src=\"https:\/\/www.corrienteshoy.com\/galeria\/fotos\/2021\/01\/13\/l_1610537719.jpg\" alt=\"\" data-src=\"\/images\/lazy.png\" \/><\/figure>\n<\/div>\n<div class=\"banner banner banner-728\"><\/div>\n<div class=\"herramientas is-fixed\">\n<div class=\"advthis\"><\/div>\n<\/div>\n<section class=\"texto\"><strong>ADELANTO<\/strong>Viernes 14\/01\/2022-APERTURA<\/p>\n<p>Rudi Flores<br \/>\nCoquimarola y su Conjunto<br \/>\nAmanday\u00e9<br \/>\nGrupo Neike Chamigo (Homenaje al Padre Juli\u00e1n Zini)<br \/>\nJuancito G\u00fcenaga<br \/>\nGicela M\u00e9ndez Ribeiro<br \/>\nVicky S\u00e1nchez<br \/>\nMauro Bonamino<br \/>\nConfluencias (ensamble de mujeres)<br \/>\nMiguel Arce y la Yunta del Chamam\u00e9<br \/>\nBanda Sinf\u00f3nica Regimiento Patricios<br \/>\nS\u00e1bado 15\/01\/2022<\/p>\n<p>Ofelia Leiva<br \/>\nBanda Sinf\u00f3nica de la Prefectura Naval Argentina<br \/>\nCacho Esp\u00edndola<br \/>\nMarcia M\u00fcller (Entre R\u00edos)<br \/>\nCesar Frette Tr\u00edo (San Roque)<br \/>\nNico Cardozo<br \/>\nSusy de Pompert<br \/>\nLas Guitarras De Curuz\u00fa<br \/>\nSim\u00f3n Morales y su Conjunto<br \/>\nHugo Leiva y la Nueva Estirpe<br \/>\nDomingo 16\/01\/2022<\/p>\n<p>Santiago \u201cBocha\u201d Sheridan<br \/>\nCamerata Zuid De Tilburg, Pa\u00edses Bajos (Dir. Frank Adams) C\/N Nino Zannoni Y Milagros Caliva<br \/>\nPaquito Aranda<br \/>\nHugo Flores<br \/>\nTajy<br \/>\nFlorencia De Pompert (San Miguel)<br \/>\nGer\u00f3nimo Zamb\u00f3n (Monte Caseros)<br \/>\nTupa Noy<br \/>\nGente de Ley<br \/>\nVicente Franco y sus Criollos<br \/>\nLunes 17\/01\/2022<\/p>\n<p>Franco Luciani<br \/>\nMavi D\u00edaz y la Folkies<br \/>\nMar\u00eda Elena Sosa<br \/>\nGrupo Itat\u00ed<br \/>\nTarag\u00fci Co\u00e9 con Ana Paula Romero (Homenaje a Juan Sacc\u00fa)<br \/>\nTono Ben\u00edtez<br \/>\nJuan Pablo Barber\u00e1n<br \/>\nEsteban Esp\u00edndola \u201cel pichoncito del acorde\u00f3n\u201d<br \/>\nPanchito Galarza<br \/>\nMartes 18\/01\/2022<\/p>\n<p>Teresa Parodi<br \/>\nLito Vitale: Baglietto, Jairo, Hilda Lizarazu, La Bruja<br \/>\nBel\u00e9n Majul<br \/>\nDiego Guti\u00e9rrez<br \/>\nIrundy<br \/>\nBlas Mart\u00ednez Riera Grupo<br \/>\nLas damas del Litoral<br \/>\nPablo Chamorro<br \/>\nGerm\u00e1n To\u00f1anez<br \/>\nJos\u00e9 \u00c1lvarez<br \/>\nMi\u00e9rcoles 19\/01\/2022<\/p>\n<p>Ra\u00fal Barboza<br \/>\nLos Hijos de los Barrios<br \/>\nTup\u00e1<br \/>\nOpus Cuatro<br \/>\nNahuel Pennisi<br \/>\nLas Novas (Movimiento Nueva Corriente)<br \/>\nTributo De La Fundaci\u00f3n Memoria Del Chamam\u00e9 A<br \/>\nLos 50 A\u00f1os De &#8220;Canci\u00f3n Nueva Correntina&#8221;<br \/>\nChamameceros de ley.<br \/>\nN\u00e9lida Argentina Zen\u00f3n<br \/>\nTallar\u00edn y sus espuelas del Litoral<br \/>\nJueves 20\/01\/2022<\/p>\n<p>Hermanas Vera<br \/>\nChango Spasiuk c\/ Elena Rogers,<br \/>\nMar\u00eda Ofelia<br \/>\nMateo Villalba<br \/>\nBruno Mendoza<br \/>\nLos Chaque\u00f1\u00edsimos Cardozo<br \/>\nJorge Suligoy<br \/>\nEmilianito L\u00f3pez<br \/>\nManuel Cruz y su Cuarteto Estampa Correntina<br \/>\nNino Ram\u00edrez y los Sanmiguele\u00f1os<br \/>\nViernes 21\/01\/2022<\/p>\n<p>Antonio Tarrag\u00f3 Ros<br \/>\nEustaquio Mi\u00f1o y su conjunto<br \/>\nLos Alonsitos<br \/>\nLos N\u00fa\u00f1ez<br \/>\nGabino y F\u00e9lix Ch\u00e1vez<br \/>\nLas Guaynas Por\u00e1<br \/>\nJuliana Zalazar<br \/>\nConjunto Nuevo Horizonte<br \/>\nPatricia G\u00f3mez<br \/>\nGuaran\u00edtica<br \/>\nS\u00e1bado 22\/01\/2022<\/p>\n<p>Los de Imaguar\u00e9<br \/>\nGabriel Cocomarola<br \/>\nSof\u00eda Morales<br \/>\nMat\u00edas Galarza<br \/>\nMirian Asuad con Mart\u00edn Cheme<br \/>\nMat\u00edas Barb\u00e1s y su Conjunto<br \/>\nJuan Manuel Silveyra y Luis Cardozo<br \/>\nGuido Encinas<br \/>\nLucas Monz\u00f3n<br \/>\nGraciela Linares y Roberto Romero<br \/>\nDomingo 23\/01\/2022-CIERRE<\/p>\n<p>Sim\u00f3n De Jes\u00fas Palacios<br \/>\nSoledad<br \/>\nErnestito Montiel y su Cuarteto Santa Ana<br \/>\nVer\u00f3nica Noguera<br \/>\nGustavo Miqueri y Tr\u00e9bol De Ases<br \/>\nLos Matu\u00e1 Mercede\u00f1os<br \/>\nNahir Rodr\u00edguez<br \/>\nLa Pilarcita<br \/>\nRamiro Ojeda y su grupo<\/p>\n<\/section>\n<\/article>\n<\/div>\n","protected":false},"excerpt":{"rendered":"<p>El presidente del Instituto de Cultura, Gabriel Romero, dio a conocer este mi\u00e9rcoles un adelanto de la grilla de la Fiesta Nacional del Chamam\u00e9, que se realizar\u00e1 desde el 14 hasta el 23 de enero del 2022. En sus redes sociales, el funcionario sostuvo:&#8221;Hoy podemos confirmar a estos artistas por noche, es un adelanto de [&hellip;]<\/p>\n","protected":false},"author":3,"featured_media":51471,"comment_status":"open","ping_status":"open","sticky":false,"template":"","format":"standard","meta":{"footnotes":""},"categories":[11],"tags":[],"class_list":["post-51470","post","type-post","status-publish","format-standard","has-post-thumbnail","hentry","category-sociedad"],"_links":{"self":[{"href":"http:\/\/informateesquina.com\/index.php?rest_route=\/wp\/v2\/posts\/51470","targetHints":{"allow":["GET"]}}],"collection":[{"href":"http:\/\/informateesquina.com\/index.php?rest_route=\/wp\/v2\/posts"}],"about":[{"href":"http:\/\/informateesquina.com\/index.php?rest_route=\/wp\/v2\/types\/post"}],"author":[{"embeddable":true,"href":"http:\/\/informateesquina.com\/index.php?rest_route=\/wp\/v2\/users\/3"}],"replies":[{"embeddable":true,"href":"http:\/\/informateesquina.com\/index.php?rest_route=%2Fwp%2Fv2%2Fcomments&post=51470"}],"version-history":[{"count":0,"href":"http:\/\/informateesquina.com\/index.php?rest_route=\/wp\/v2\/posts\/51470\/revisions"}],"wp:featuredmedia":[{"embeddable":true,"href":"http:\/\/informateesquina.com\/index.php?rest_route=\/wp\/v2\/media\/51471"}],"wp:attachment":[{"href":"http:\/\/informateesquina.com\/index.php?rest_route=%2Fwp%2Fv2%2Fmedia&parent=51470"}],"wp:term":[{"taxonomy":"category","embeddable":true,"href":"http:\/\/informateesquina.com\/index.php?rest_route=%2Fwp%2Fv2%2Fcategories&post=51470"},{"taxonomy":"post_tag","embeddable":true,"href":"http:\/\/informateesquina.com\/index.php?rest_route=%2Fwp%2Fv2%2Ftags&post=51470"}],"curies":[{"name":"wp","href":"https:\/\/api.w.org\/{rel}","templated":true}]}}