{"id":51474,"date":"2021-12-01T22:44:17","date_gmt":"2021-12-02T01:44:17","guid":{"rendered":"https:\/\/informateesquina.com\/?p=51474"},"modified":"2021-12-01T22:44:17","modified_gmt":"2021-12-02T01:44:17","slug":"desde-los-5-anos-sufro-abuso-sexual-y-fisico-por-parte-de-mi-hermano","status":"publish","type":"post","link":"http:\/\/informateesquina.com\/?p=51474","title":{"rendered":"&#8220;Desde los 5 a\u00f1os sufro abuso sexual y f\u00edsico por parte de mi hermano&#8221;"},"content":{"rendered":"<div>\n<div class=\"fotos-y-videos\">\n<p>&nbsp;<\/p>\n<div class=\"tab-content\">\n<div id=\"fotos\" class=\"tab-pane fade in active\" role=\"tabpanel\"><a class=\"fotos-desarrollo unlink\" title=\"Desde los 5 a\u00f1os sufro abuso sexual y f\u00edsico por parte de mi hermano\" href=\"https:\/\/www.radiosudamericana.com\/notix\/multimedia\/imagenes\/fotos\/2021-12-01\/366164.jpg\"><img loading=\"lazy\" decoding=\"async\" class=\"img-responsive lazyload center-block\" src=\"https:\/\/www.radiosudamericana.com\/notix\/multimedia\/imagenes\/fotos\/2021-12-01\/366164.jpg_nota.jpg\" alt=\"Desde los 5 a\u00f1os sufro abuso sexual y f\u00edsico por parte de mi hermano\" width=\"700\" height=\"404\" \/><\/a><\/div>\n<\/div>\n<\/div>\n<div class=\"cuerpo\">\n<p>En principio lo hizo por violencia de g\u00e9nero \u2013denuncia que radic\u00f3 acompa\u00f1ada de su familia-, y hoy lo hace por abuso sexual. El abuso \u2013dijo-, se dio cuando la joven ten\u00eda cinco a\u00f1os. Ella no tiene certeza del tiempo que dur\u00f3 porque los recuerdos son muy vagos pero un amigo de la familia, cuando ella denuncia el hecho en redes sociales se comunic\u00f3 y le dijo que tambi\u00e9n hab\u00eda sido violado por \u00e9l sino que adem\u00e1s, esto fue cuando ella ten\u00eda 7 a\u00f1os. \u201cYo no recuerdo esto pero \u00e9l me dijo que yo estuve presente cuando esto ocurri\u00f3\u201d, coment\u00f3 a Canal 5TV \u2013Ahora Noticias-; espacio que eligi\u00f3 Solange para hacer su declaraci\u00f3n.<\/p>\n<p>Hoy, Solange busca justicia. \u201cQuiero que est\u00e9 preso porque de lo contrario no tengo paz, no puedo hacer nada tranquila porque me amenaz\u00f3 de muerte. Amenaza que no fue s\u00f3lo hacia m\u00ed sino a toda persona que me ayude y me apoye como mi otro hermano y su familia y mi prima que en este momento est\u00e1 de visita en Corrientes\u201d, dijo.<\/p>\n<p>El descargo p\u00fablico \u2013dijo- decidi\u00f3 hacerlo a ra\u00edz de la falta de apoyo que recibi\u00f3 por parte de la justicia. Despu\u00e9s de mucho tiempo logr\u00f3 que la justicia dicte la perimetral y acceder al bot\u00f3n antip\u00e1nico. \u201cPero incluso con esto no me siento segura porque me dijo que cuando me vea sola me va a pegar un tiro en la cabeza o me va a mandar a matar\u201d, recalc\u00f3 la joven.<br \/>\n(Para conocer el testimonio completo, ver la nota)<\/p>\n<\/div>\n<\/div>\n<div class=\"banner wline space-bottom\"><\/div>\n<div id=\"embeds\" class=\"center-block\"><iframe loading=\"lazy\" title=\"YouTube video player\" src=\"https:\/\/www.youtube.com\/embed\/Y7Q8eJnJr_4\" width=\"560\" height=\"315\" frameborder=\"0\" allowfullscreen=\"allowfullscreen\" data-mce-fragment=\"1\"><\/iframe><\/div>\n","protected":false},"excerpt":{"rendered":"<p>&nbsp; En principio lo hizo por violencia de g\u00e9nero \u2013denuncia que radic\u00f3 acompa\u00f1ada de su familia-, y hoy lo hace por abuso sexual. El abuso \u2013dijo-, se dio cuando la joven ten\u00eda cinco a\u00f1os. Ella no tiene certeza del tiempo que dur\u00f3 porque los recuerdos son muy vagos pero un amigo de la familia, cuando [&hellip;]<\/p>\n","protected":false},"author":3,"featured_media":51475,"comment_status":"open","ping_status":"open","sticky":false,"template":"","format":"standard","meta":{"footnotes":""},"categories":[8],"tags":[],"class_list":["post-51474","post","type-post","status-publish","format-standard","has-post-thumbnail","hentry","category-policiales"],"_links":{"self":[{"href":"http:\/\/informateesquina.com\/index.php?rest_route=\/wp\/v2\/posts\/51474","targetHints":{"allow":["GET"]}}],"collection":[{"href":"http:\/\/informateesquina.com\/index.php?rest_route=\/wp\/v2\/posts"}],"about":[{"href":"http:\/\/informateesquina.com\/index.php?rest_route=\/wp\/v2\/types\/post"}],"author":[{"embeddable":true,"href":"http:\/\/informateesquina.com\/index.php?rest_route=\/wp\/v2\/users\/3"}],"replies":[{"embeddable":true,"href":"http:\/\/informateesquina.com\/index.php?rest_route=%2Fwp%2Fv2%2Fcomments&post=51474"}],"version-history":[{"count":0,"href":"http:\/\/informateesquina.com\/index.php?rest_route=\/wp\/v2\/posts\/51474\/revisions"}],"wp:featuredmedia":[{"embeddable":true,"href":"http:\/\/informateesquina.com\/index.php?rest_route=\/wp\/v2\/media\/51475"}],"wp:attachment":[{"href":"http:\/\/informateesquina.com\/index.php?rest_route=%2Fwp%2Fv2%2Fmedia&parent=51474"}],"wp:term":[{"taxonomy":"category","embeddable":true,"href":"http:\/\/informateesquina.com\/index.php?rest_route=%2Fwp%2Fv2%2Fcategories&post=51474"},{"taxonomy":"post_tag","embeddable":true,"href":"http:\/\/informateesquina.com\/index.php?rest_route=%2Fwp%2Fv2%2Ftags&post=51474"}],"curies":[{"name":"wp","href":"https:\/\/api.w.org\/{rel}","templated":true}]}}