{"id":51481,"date":"2021-12-02T20:07:47","date_gmt":"2021-12-02T23:07:47","guid":{"rendered":"https:\/\/informateesquina.com\/?p=51481"},"modified":"2021-12-02T21:22:15","modified_gmt":"2021-12-03T00:22:15","slug":"pense-en-lucio-y-llame-a-la-policia-ayudo-a-rescatar-a-un-nino-con-autismo-abandonado-por-su-madre","status":"publish","type":"post","link":"http:\/\/informateesquina.com\/?p=51481","title":{"rendered":"\u201cPens\u00e9 en Lucio y llam\u00e9 a la polic\u00eda\u201d: ayud\u00f3 a rescatar a un ni\u00f1o con autismo abandonado por su madre"},"content":{"rendered":"<div class=\"lay --apertura\">\n<div class=\"row\">\n<div class=\"col-12\"><\/div>\n<\/div>\n<\/div>\n<div class=\"lay-sidebar\">\n<div class=\"sidebar__main\">\n<div class=\"row\">\n<div class=\"col-12 \">\n<div class=\"row FirmaAutor\">\n<div class=\"col-12\">\n<section class=\"mod-autor\">\n<div class=\"container-text\">\n<div class=\"container-medio\"><\/div>\n<\/div>\n<\/section>\n<\/div>\n<\/div>\n<section class=\"mod-opening\">\n<div class=\"content-media\">\n<section id=\"KZCSZWBPMBEK5KJZLTNM4DF7SQ\" class=\"mod-media \" role=\"button\">\n<figure class=\"mod-figure --horizontal\" role=\"button\"><picture class=\"mod-picture \"><source srcset=\"https:\/\/resizer.glanacion.com\/resizer\/mqoMKKJ1lPjjhY78Yaj98PnTnKM=\/879x586\/smart\/filters:quality(80)\/cloudfront-us-east-1.images.arcpublishing.com\/lanacionar\/KZCSZWBPMBEK5KJZLTNM4DF7SQ.jfif\" media=\"(min-width: 1280px)\" \/><source srcset=\"https:\/\/resizer.glanacion.com\/resizer\/7N36ldOQNodcB7l3J-qsMIn2RD4=\/1119x746\/smart\/filters:quality(80)\/cloudfront-us-east-1.images.arcpublishing.com\/lanacionar\/KZCSZWBPMBEK5KJZLTNM4DF7SQ.jfif\" media=\"(min-width: 1024px)\" \/><source srcset=\"https:\/\/resizer.glanacion.com\/resizer\/gvDVnb3sweXO61AzCSvtCf7BoVw=\/768x512\/smart\/filters:quality(80)\/cloudfront-us-east-1.images.arcpublishing.com\/lanacionar\/KZCSZWBPMBEK5KJZLTNM4DF7SQ.jfif\" media=\"(min-width: 768px)\" \/><source srcset=\"https:\/\/resizer.glanacion.com\/resizer\/1bkCcVuKI6ljmKsSTzMUl8z6f_Q=\/351x234\/smart\/filters:quality(80)\/cloudfront-us-east-1.images.arcpublishing.com\/lanacionar\/KZCSZWBPMBEK5KJZLTNM4DF7SQ.jfif\" media=\"(min-width: 375px)\" \/><source srcset=\"https:\/\/resizer.glanacion.com\/resizer\/YEuZAcYSx_QQ9BZ_DsDZ_eoKfx4=\/309x206\/smart\/filters:quality(80)\/cloudfront-us-east-1.images.arcpublishing.com\/lanacionar\/KZCSZWBPMBEK5KJZLTNM4DF7SQ.jfif\" media=\"(min-width: 320px)\" \/><img loading=\"lazy\" decoding=\"async\" class=\"com-image \" src=\"https:\/\/resizer.glanacion.com\/resizer\/K1QK3h0qMU9gpzv5Dqsmo17PjV4=\/768x0\/filters:quality(80)\/cloudfront-us-east-1.images.arcpublishing.com\/lanacionar\/KZCSZWBPMBEK5KJZLTNM4DF7SQ.jfif\" srcset=\"\" alt=\"La casa en la ciudad de C\u00f3rdoba donde fue hallado el ni\u00f1o\" width=\"768\" height=\"513\" \/><\/picture><figcaption class=\"mod-figcaption\"><span class=\"com-text --caption --twoxs\">La casa en la ciudad de C\u00f3rdoba donde fue hallado el ni\u00f1o<\/span><span class=\"com-text --credit --twoxs\">Gentileza Mariano Nievas<\/span><\/figcaption><\/figure>\n<\/section>\n<\/div>\n<\/section>\n<\/div>\n<\/div>\n<section class=\"cuerpo__nota\">\n<div class=\"row\">\n<div class=\"col-12 col-desksm-1\">\n<div id=\"v-share\" class=\"mod-share\">\n<div class=\"container --right\"><strong>C\u00d3RDOBA<\/strong>.\u2013 Cuando todo el pa\u00eds est\u00e1 conmocionado por el caso de\u00a0Lucio Dupuy, el menor de 5 a\u00f1os asesinado presuntamente por su madre y su pareja en La Pampa, en esta ciudad la actitud de un vecino impidi\u00f3 que un\u00a0<strong>chico<\/strong>\u00a0de 8 a\u00f1os\u00a0<strong>abandonado\u00a0<\/strong>en su casa desde hac\u00eda unos diez d\u00edas sufriera peores consecuencias. El ni\u00f1o tiene\u00a0<strong>autismo<\/strong>, fue encontrado desnudo y deshidratado, en compa\u00f1\u00eda de un perro.<\/div>\n<div><\/div>\n<div class=\"container --right\">\u201cPensaba que la <strong>familia<\/strong>\u00a0no estaba m\u00e1s, que se hab\u00edan mudado, porque hac\u00eda d\u00edas que no los ve\u00eda. Le pregunt\u00e9 a la mujer que vive atr\u00e1s y me dijo que hab\u00eda un nene solo, que ella le pasaba comida por una reja hac\u00eda unos tres d\u00edas. Pens\u00e9 en\u00a0<strong>Lucio\u00a0<\/strong>e inmediatamente llam\u00e9 a la polic\u00eda\u201d, cont\u00f3 a\u00a0<strong>LA NACION<\/strong>\u00a0Jos\u00e9 \u00c1lvarez, el vecino que tiene un kiosco enfrente de la casa, situada en la calle Granadero Tobas, en el\u00a0<strong>barrio Patricio Oeste<\/strong>.<\/div>\n<div><\/div>\n<div class=\"container --right\">Los agentes llegaron ayer a la tarde y, despu\u00e9s de ser autorizados para abrir la puerta, que estaba con llave, se encontraron con un <strong>cuadro devastador<\/strong>. El chico estaba desnudo, con el perro, en una habitaci\u00f3n sucia y desordenada que \u00e9l hab\u00eda usado tambi\u00e9n como ba\u00f1o. Fue trasladado de inmediato al\u00a0<strong>Hospital de Ni\u00f1os<\/strong>, donde permanece\u00a0<strong>internado<\/strong>.<\/div>\n<\/div>\n<\/div>\n<div class=\"col-deskxl-10 offset-deskxl-1 col-desksm-11\">\n<div class=\"row\">\n<div class=\"col-12\">\n<div class=\"content-media\">\n<section class=\"mod-media --zoom \" role=\"button\">\n<figure class=\"mod-figure --horizontal\" role=\"button\"><picture class=\"mod-picture \"><source srcset=\"https:\/\/resizer.glanacion.com\/resizer\/Okfz6v6LcKGlpGc7OvgYBa2wrWI=\/879x0\/filters:quality(80)\/cloudfront-us-east-1.images.arcpublishing.com\/lanacionar\/3NVFBA6UE5FTLOX6EWCZFS5JUI.jfif\" media=\"(min-width: 1280px)\" \/><source srcset=\"https:\/\/resizer.glanacion.com\/resizer\/Y0WzCuMna51iKUYuaki9OR5LRmE=\/690x0\/filters:quality(80)\/cloudfront-us-east-1.images.arcpublishing.com\/lanacionar\/3NVFBA6UE5FTLOX6EWCZFS5JUI.jfif\" media=\"(min-width: 1024px)\" \/><source srcset=\"https:\/\/resizer.glanacion.com\/resizer\/homYoXZvxS4pjZJLBA5Xa-dM_zw=\/768x0\/filters:quality(80)\/cloudfront-us-east-1.images.arcpublishing.com\/lanacionar\/3NVFBA6UE5FTLOX6EWCZFS5JUI.jfif\" media=\"(min-width: 768px)\" \/><source srcset=\"https:\/\/resizer.glanacion.com\/resizer\/Mc0z1WbW5wn7iYSEmDxV5VB7r-4=\/350x0\/filters:quality(80)\/cloudfront-us-east-1.images.arcpublishing.com\/lanacionar\/3NVFBA6UE5FTLOX6EWCZFS5JUI.jfif\" media=\"(min-width: 360px)\" \/><source srcset=\"https:\/\/resizer.glanacion.com\/resizer\/1Hx6fsp9kieFeXV93glD15GAM-Q=\/310x0\/filters:quality(80)\/cloudfront-us-east-1.images.arcpublishing.com\/lanacionar\/3NVFBA6UE5FTLOX6EWCZFS5JUI.jfif\" media=\"(min-width: 320px)\" \/><img loading=\"lazy\" decoding=\"async\" class=\"com-image \" src=\"https:\/\/resizer.glanacion.com\/resizer\/homYoXZvxS4pjZJLBA5Xa-dM_zw=\/768x0\/filters:quality(80)\/cloudfront-us-east-1.images.arcpublishing.com\/lanacionar\/3NVFBA6UE5FTLOX6EWCZFS5JUI.jfif\" srcset=\"\" alt=\"El menor estaba en una vivienda del barrio Patricios Oeste, en la ciudad de C\u00f3rdoba\" width=\"1600\" height=\"900\" \/><\/picture><figcaption class=\"mod-figcaption\"><span class=\"com-text --caption --twoxs\">El menor estaba en una vivienda del barrio Patricios Oeste, en la ciudad de C\u00f3rdoba<\/span><span class=\"com-text --credit --twoxs\"><span class=\"com-text --credit --twoxs\">Gentileza Mariano Nievas<\/span><\/span>La vivienda est\u00e1 en un pasillo de departamentos; la\u00a0<strong>vecina<\/strong>\u00a0de atr\u00e1s un d\u00eda lo descubri\u00f3 y le empez\u00f3 a dar comida y gaseosa; \u201cno quer\u00eda agua\u201d, relat\u00f3. Nunca se lo escuch\u00f3 gritar o llorar. Tiene un hermano de 12 a\u00f1os, que se fue a lo de su\u00a0<strong>abuela materna<\/strong>, quien vive a una cuadra. Todav\u00eda nadie se explica por qu\u00e9 la mujer no fue al rescate del menor.<\/p>\n<\/figcaption><\/figure>\n<\/section>\n<\/div>\n<div class=\"mod-banner --middle_2_dsk\">\n<div id=\"middle_2_dsk\" class=\"com-banner\" data-slot-group=\"nota\" data-device=\"desktop\" data-subscription=\"true\" data-ad-unit-path=\"\/133919216\/la_nacion_desktop\/Nota\/middle_2_dsk\" data-targeting=\"{&quot;sitio&quot;:&quot;lanacion&quot;,&quot;seccion&quot;:&quot;nota&quot;}\" data-without-hide=\"true\" data-size=\"[[1,1],[728,90]]\" data-sizemap=\"[]\" data-prebid-enabled=\"true\" data-google-query-id=\"CNP22_GcxvQCFVmflQIdJXEIbw\">\n<div id=\"google_ads_iframe_\/133919216\/la_nacion_desktop\/Nota\/middle_2_dsk_0__container__\"><\/div>\n<\/div>\n<\/div>\n<h2 class=\"com-title --l\" style=\"text-align: center;\">\u00a0 \u00a0Condiciones inhumanas<\/h2>\n<p class=\"com-paragraph --s\" style=\"text-align: center;\">\u00a0 \u00a0 \u00a0\u201c<strong>Condiciones inhumanas<\/strong>, eso es lo que vivi\u00f3 \u2013dijo \u00c1lvarez\u2013. No se puede permitir eso, es un \u00e1ngel, una criatura. Yo tengo nietos, no dud\u00e9 un minuto en llamar\u00a0 \u00a0 \u00a0 \u00a0 \u00a0 \u00a0 \u00a0 \u00a0 cuando supe que estaba ah\u00ed\u201d.<\/p>\n<p class=\"com-paragraph --s\" style=\"text-align: center;\">Seg\u00fan testimonios recolectados en el barrio, la\u00a0<strong>madre<\/strong>\u00a0y los chicos alquilaban el departamento hac\u00eda unos seis meses. La mujer ya hab\u00eda tenido problemas con una vecina, que le habr\u00eda reclamado por c\u00f3mo trataba a los\u00a0<strong>hijos<\/strong>. \u201cSal\u00eda, volv\u00eda a cualquier hora, pero ahora hac\u00eda d\u00edas que no estaba\u201d, describieron allegados a la casa. \u00c1lvarez admiti\u00f3 que no sab\u00eda que el ni\u00f1o de 8 a\u00f1os exist\u00eda: \u201cNunca lo hab\u00eda visto, s\u00ed al m\u00e1s grande\u201d.<\/p>\n<p class=\"com-paragraph --s\" style=\"text-align: center;\">El\u00a0<strong>comisario mayor<\/strong>\u00a0<strong>V\u00edctor Rub\u00e9n Di Stefano<\/strong>\u00a0explic\u00f3 que los agentes encontraron al menor \u201ccompletamente desnudo y con signos de delgadez\u201d. La casa parec\u00eda deshabitada, \u201ccon falta de higiene y muchos olores. Al parecer, el chico llevaba d\u00edas abandonado\u201d.<\/p>\n<p class=\"com-paragraph --s\" style=\"text-align: center;\">El ni\u00f1o qued\u00f3 a disposici\u00f3n de la\u00a0<strong>Secretar\u00eda de Ni\u00f1ez, Adolescencia y Familia (Senaf) provincial\u00a0<\/strong>y en el caso ya interviene un juzgado de menores.<\/p>\n<\/div>\n<\/div>\n<\/div>\n<\/div>\n<\/section>\n<\/div>\n<\/div>\n","protected":false},"excerpt":{"rendered":"<p>La casa en la ciudad de C\u00f3rdoba donde fue hallado el ni\u00f1oGentileza Mariano Nievas C\u00d3RDOBA.\u2013 Cuando todo el pa\u00eds est\u00e1 conmocionado por el caso de\u00a0Lucio Dupuy, el menor de 5 a\u00f1os asesinado presuntamente por su madre y su pareja en La Pampa, en esta ciudad la actitud de un vecino impidi\u00f3 que un\u00a0chico\u00a0de 8 a\u00f1os\u00a0abandonado\u00a0en [&hellip;]<\/p>\n","protected":false},"author":3,"featured_media":51482,"comment_status":"open","ping_status":"open","sticky":false,"template":"","format":"standard","meta":{"footnotes":""},"categories":[8,11],"tags":[],"class_list":["post-51481","post","type-post","status-publish","format-standard","has-post-thumbnail","hentry","category-policiales","category-sociedad"],"_links":{"self":[{"href":"http:\/\/informateesquina.com\/index.php?rest_route=\/wp\/v2\/posts\/51481","targetHints":{"allow":["GET"]}}],"collection":[{"href":"http:\/\/informateesquina.com\/index.php?rest_route=\/wp\/v2\/posts"}],"about":[{"href":"http:\/\/informateesquina.com\/index.php?rest_route=\/wp\/v2\/types\/post"}],"author":[{"embeddable":true,"href":"http:\/\/informateesquina.com\/index.php?rest_route=\/wp\/v2\/users\/3"}],"replies":[{"embeddable":true,"href":"http:\/\/informateesquina.com\/index.php?rest_route=%2Fwp%2Fv2%2Fcomments&post=51481"}],"version-history":[{"count":0,"href":"http:\/\/informateesquina.com\/index.php?rest_route=\/wp\/v2\/posts\/51481\/revisions"}],"wp:featuredmedia":[{"embeddable":true,"href":"http:\/\/informateesquina.com\/index.php?rest_route=\/wp\/v2\/media\/51482"}],"wp:attachment":[{"href":"http:\/\/informateesquina.com\/index.php?rest_route=%2Fwp%2Fv2%2Fmedia&parent=51481"}],"wp:term":[{"taxonomy":"category","embeddable":true,"href":"http:\/\/informateesquina.com\/index.php?rest_route=%2Fwp%2Fv2%2Fcategories&post=51481"},{"taxonomy":"post_tag","embeddable":true,"href":"http:\/\/informateesquina.com\/index.php?rest_route=%2Fwp%2Fv2%2Ftags&post=51481"}],"curies":[{"name":"wp","href":"https:\/\/api.w.org\/{rel}","templated":true}]}}