{"id":51486,"date":"2021-12-02T22:12:49","date_gmt":"2021-12-03T01:12:49","guid":{"rendered":"https:\/\/informateesquina.com\/?p=51486"},"modified":"2021-12-02T22:12:49","modified_gmt":"2021-12-03T01:12:49","slug":"goya-detecto-45-nuevos-contagios-y-llegaron-a-los-368-casos-activos","status":"publish","type":"post","link":"http:\/\/informateesquina.com\/?p=51486","title":{"rendered":"Goya detect\u00f3 45 nuevos contagios y llegaron a los 368 casos activos"},"content":{"rendered":"<div>\n<p class=\"copete\">El informe epidemiol\u00f3gico del Hospital Regional de Goya detalla que en las \u00faltimas horas se registraron 45 nuevos casos de coronavirus y dos pacientes debieron ser trasladados al Hospital de Campa\u00f1a.<\/p>\n<\/div>\n<div class=\"cuerpo\">\n<div id=\"leermas\"><\/div>\n<p>&nbsp;<\/p>\n<p>Con estos n\u00fameros, ya son 368 los casos activos en la ciudad.<\/p>\n<p><a class=\"fotos-desarrollo unlink\" title=\"Goya detect\u00f3 45 nuevos contagios y llegaron a los 368 casos activos \" href=\"https:\/\/www.radiosudamericana.com\/notix\/multimedia\/imagenes\/fotos\/2021-12-02\/926493.jpg\"><img decoding=\"async\" class=\"img-responsive\" src=\"https:\/\/www.radiosudamericana.com\/notix\/multimedia\/imagenes\/fotos\/2021-12-02\/926493.jpg_nota.jpg\" \/><br \/>\n<\/a><\/p>\n<\/div>\n","protected":false},"excerpt":{"rendered":"<p>El informe epidemiol\u00f3gico del Hospital Regional de Goya detalla que en las \u00faltimas horas se registraron 45 nuevos casos de coronavirus y dos pacientes debieron ser trasladados al Hospital de Campa\u00f1a. &nbsp; Con estos n\u00fameros, ya son 368 los casos activos en la ciudad.<\/p>\n","protected":false},"author":3,"featured_media":51487,"comment_status":"open","ping_status":"open","sticky":false,"template":"","format":"standard","meta":{"footnotes":""},"categories":[11],"tags":[],"class_list":["post-51486","post","type-post","status-publish","format-standard","has-post-thumbnail","hentry","category-sociedad"],"_links":{"self":[{"href":"http:\/\/informateesquina.com\/index.php?rest_route=\/wp\/v2\/posts\/51486","targetHints":{"allow":["GET"]}}],"collection":[{"href":"http:\/\/informateesquina.com\/index.php?rest_route=\/wp\/v2\/posts"}],"about":[{"href":"http:\/\/informateesquina.com\/index.php?rest_route=\/wp\/v2\/types\/post"}],"author":[{"embeddable":true,"href":"http:\/\/informateesquina.com\/index.php?rest_route=\/wp\/v2\/users\/3"}],"replies":[{"embeddable":true,"href":"http:\/\/informateesquina.com\/index.php?rest_route=%2Fwp%2Fv2%2Fcomments&post=51486"}],"version-history":[{"count":0,"href":"http:\/\/informateesquina.com\/index.php?rest_route=\/wp\/v2\/posts\/51486\/revisions"}],"wp:featuredmedia":[{"embeddable":true,"href":"http:\/\/informateesquina.com\/index.php?rest_route=\/wp\/v2\/media\/51487"}],"wp:attachment":[{"href":"http:\/\/informateesquina.com\/index.php?rest_route=%2Fwp%2Fv2%2Fmedia&parent=51486"}],"wp:term":[{"taxonomy":"category","embeddable":true,"href":"http:\/\/informateesquina.com\/index.php?rest_route=%2Fwp%2Fv2%2Fcategories&post=51486"},{"taxonomy":"post_tag","embeddable":true,"href":"http:\/\/informateesquina.com\/index.php?rest_route=%2Fwp%2Fv2%2Ftags&post=51486"}],"curies":[{"name":"wp","href":"https:\/\/api.w.org\/{rel}","templated":true}]}}