{"id":51493,"date":"2021-12-02T23:22:43","date_gmt":"2021-12-03T02:22:43","guid":{"rendered":"https:\/\/informateesquina.com\/?p=51493"},"modified":"2021-12-02T23:22:43","modified_gmt":"2021-12-03T02:22:43","slug":"la-mama-de-lucio-dupuy-y-su-novia-fueron-golpeadas-por-otras-presas-en-el-penal-de-san-luis","status":"publish","type":"post","link":"http:\/\/informateesquina.com\/?p=51493","title":{"rendered":"La mam\u00e1 de Lucio Dupuy y su novia fueron golpeadas por otras presas en el penal de San Luis"},"content":{"rendered":"<p><main id=\"content-column\" class=\"content-column\" role=\"main\"><\/p>\n<div class=\"content-inner\">\n<section id=\"main-content\">\n<div id=\"content\" class=\"region\">\n<div id=\"block-system-main\" class=\"block block-system no-title\">\n<article id=\"node-130891\" class=\"node node-news node-promoted node-sticky article imp_shadow_box clearfix policiales\">\n<div class=\"node-content\">\n<div class=\"field field-name-field-featured-image field-type-image field-label-hidden view-mode-default\">\n<div class=\"field-items\">\n<figure class=\"clearfix field-item even\"><img loading=\"lazy\" decoding=\"async\" class=\"image-style-630xauto data-image-mobile data-image-tablet data-image-big data-image-side data-image-article data-image-small lazy\" src=\"https:\/\/www.diariotag.com\/sites\/www.diariotag.com\/files\/styles\/630xauto\/public\/news_featured_image\/1292_-_unnamed_130891_130891.jpg?itok=0VBUPMLy\" alt=\"\" width=\"630\" height=\"352\" data-image-mobile=\"https:\/\/www.diariotag.com\/sites\/www.diariotag.com\/files\/styles\/300x272\/public\/news_featured_image\/1292_-_unnamed_130891_130891.jpg?itok=ntb866rV\" data-image-tablet=\"https:\/\/www.diariotag.com\/sites\/www.diariotag.com\/files\/styles\/630x272\/public\/news_featured_image\/1292_-_unnamed_130891_130891.jpg?itok=enEyGYX0\" data-image-big=\"https:\/\/www.diariotag.com\/sites\/www.diariotag.com\/files\/styles\/630x430\/public\/news_featured_image\/1292_-_unnamed_130891_130891.jpg?itok=Yf9539L6\" data-image-side=\"https:\/\/www.diariotag.com\/sites\/www.diariotag.com\/files\/styles\/480x430\/public\/news_featured_image\/1292_-_unnamed_130891_130891.jpg?itok=khuNdHZu\" data-image-article=\"https:\/\/www.diariotag.com\/sites\/www.diariotag.com\/files\/styles\/960x430\/public\/news_featured_image\/1292_-_unnamed_130891_130891.jpg?itok=lFLWmNsK\" data-image-small=\"https:\/\/www.diariotag.com\/sites\/www.diariotag.com\/files\/styles\/300x170\/public\/news_featured_image\/1292_-_unnamed_130891_130891.jpg?itok=RJUdUYg3\" data-original=\"https:\/\/www.diariotag.com\/sites\/www.diariotag.com\/files\/styles\/630xauto\/public\/news_featured_image\/1292_-_unnamed_130891_130891.jpg?itok=0VBUPMLy\" \/><\/figure>\n<\/div>\n<\/div>\n<div id=\"block-nodeblock-128976\" class=\"block block-nodeblock no-title\">\n<div class=\"block-inner clearfix\">\n<div class=\"block-content content\">\n<div class=\"sda both s w630 \">\n<div>\n<div id=\"primisPlayerContainerDiv\" class=\"primisslate\">\n<div id=\"primis_container_div\">\n<div id=\"primis_playerSekindoSPlayer61a97ecc46158\">\n<div id=\"Player-Div-SekindoSPlayer61a97ecc46158\">\n<div id=\"Video-Div-SekindoSPlayer61a97ecc46158\">\n<div id=\"Video-iFrame-SekindoSPlayer61a97ecc46158\">\n<div id=\"layoutContainerDiv\">\n<div id=\"layoutDesign\">\n<div id=\"topRightElements\">\n<div id=\"primisLogoWrapper\"><\/div>\n<\/div>\n<\/div>\n<\/div>\n<\/div>\n<\/div>\n<\/div>\n<\/div>\n<\/div>\n<\/div>\n<\/div>\n<\/div>\n<\/div>\n<\/div>\n<\/div>\n<div class=\"short_content\">\n<div class=\"field field-name-body field-type-text-with-summary field-label-hidden view-mode-default\">\n<div class=\"field-items\">\n<div class=\"field-item even\">\n<p>&nbsp;<\/p>\n<p>Magdalena Esposito Valenti, la mam\u00e1 de Lucio, y Abigail P\u00e1ez, la pareja, son las\u00a0principales sospechosas del homicidio de Lucio.\u00a0<strong>Ambas se encuentran alojadas en el Complejo Penitenciario N\u00b01 de San Luis<\/strong>.<\/p>\n<p>El examen forense de Lucio Dupuy\u00a0que se conoci\u00f3 ayer hab\u00eda constatado que el nene ten\u00eda heridas compatibles con una\u00a0violaci\u00f3n,\u00a0adem\u00e1s de que el cuerpo mostraba\u00a0politraumatismos\u00a0como consecuencia de haber recibido\u00a0varios golpes\u00a0de diferente manera y en forma consecutiva.<\/p>\n<p>El forense Juan Carlos Toulouse dijo: \u201c<strong>Ten\u00eda desde mordeduras, quemaduras de cigarrillos, golpes con objetos contundentes, de todo&#8230;\u00a0algo pocas veces visto<\/strong>\u201d.<\/p>\n<div id=\"mow_ret-122138555920006\">\n<div data-mow_video=\"nv-nvxawns9lxbo\" data-mow_init=\"true\">\n<div id=\"mnv-nvxawns9lxbo-347952839740701\" class=\"mowplayer mowplayer-container\">\n<div class=\"mow mow__playlist-wrapper mow-wait_play mow-hide-controls mow-type_video mow-provider_html5 mow__playlist_type_video_article mow__playlist_theme_dark mow__playlist_position_right mow__playlist_layout_default mow-ui_enabled mow__ratio__16_9 mw-script mow-paused mow-stopped mow__video_article_info_bottom mw_size_600\">\n<div class=\"mow__playlist\">\n<div class=\"mow__playlist-video_article_controls\"><\/div>\n<\/div>\n<\/div>\n<\/div>\n<\/div>\n<div id=\"mow_ret-747366816552595\">Seg\u00fan la historia cl\u00ednica del menor asesinado, el chico fue atendido por traumatismos varias veces entre diciembre de 2020 y marzo de 2021, pero no existi\u00f3 un seguimiento integral de esos antecedentes y el viernes pasado la violencia que sufr\u00eda le cost\u00f3 la vida.<\/div>\n<\/div>\n<p>Fue el desenlace de un calvario de malos tratos al que, tanto su madre como la pareja de la mujer, lo sometieron\u00a0durante al menos dos a\u00f1os.<\/p>\n<p><img loading=\"lazy\" decoding=\"async\" class=\"alignnone wp-image-51495 size-full\" src=\"https:\/\/informateesquina.com\/wp-content\/uploads\/2021\/12\/FDv0fSbWQAYCF2l.jpg\" alt=\"\" width=\"976\" height=\"2063\" srcset=\"http:\/\/informateesquina.com\/wp-content\/uploads\/2021\/12\/FDv0fSbWQAYCF2l.jpg 976w, http:\/\/informateesquina.com\/wp-content\/uploads\/2021\/12\/FDv0fSbWQAYCF2l-142x300.jpg 142w, http:\/\/informateesquina.com\/wp-content\/uploads\/2021\/12\/FDv0fSbWQAYCF2l-484x1024.jpg 484w, http:\/\/informateesquina.com\/wp-content\/uploads\/2021\/12\/FDv0fSbWQAYCF2l-768x1623.jpg 768w, http:\/\/informateesquina.com\/wp-content\/uploads\/2021\/12\/FDv0fSbWQAYCF2l-727x1536.jpg 727w, http:\/\/informateesquina.com\/wp-content\/uploads\/2021\/12\/FDv0fSbWQAYCF2l-969x2048.jpg 969w, http:\/\/informateesquina.com\/wp-content\/uploads\/2021\/12\/FDv0fSbWQAYCF2l-750x1585.jpg 750w\" sizes=\"auto, (max-width: 976px) 100vw, 976px\" \/><\/p>\n<h4>LOS \u00daLTIMOS INGRESOS DE LUCIO DUPUY AL HOSPITAL<\/h4>\n<p>El 15 de diciembre de 2020 Lucio Dupuy entr\u00f3 a la guardia del hospital por \u201ctraumatismos de miembro superior\u201d y una \u201cfractura expuesta en dedo de la mano\u201d.\u00a0Tres d\u00edas despu\u00e9s, un informe del hospital Lucio Molas de Santa Rosa complementa ese diagn\u00f3stico: le encontraron una \u201cfractura a nivel de la mu\u00f1eca y de la mano\u201d y \u201cfracturas en otros huesos del carpo\u201d.<\/p>\n<p>El 22 de enero de 2021 el nene volvi\u00f3 a ser asistido, esta vez en una salita del barrio R\u00edo Atuel cerca de donde viv\u00eda. All\u00ed se\u00a0constataron \u201ctraumatismos de miembro superior\u201d,\u00a0adem\u00e1s de traumatismo superficiales por \u201ctrauma\u201d.<\/p>\n<p>Apenas diez d\u00edas despu\u00e9s regres\u00f3 al hospital Evita por un \u201ctraumatismo\/herida de regi\u00f3n no especificada del cuerpo\u201d, un diagn\u00f3stico poco preciso pero asentado tambi\u00e9n bajo el protocolo T14-1 que implica \u201ctraumatismo\/herida de regi\u00f3n no especificada del cuerpo\u201d. Esto puede hacer referencia a\u00a0cortes, heridas, heridas por punci\u00f3n, laceraciones o mordeduras de animales, entre otras seg\u00fan la Clasificaci\u00f3n Internacional de Enfermedades. Esto fue el 1\u00b0 de febrero de 2021.<\/p>\n<p>La \u00faltima consulta m\u00e9dica asentada fue el 23 de marzo, tambi\u00e9n al Evita por traumatismo. All\u00ed se le diagnostic\u00f3 \u201cmallet finger\u201d, una deformidad en el dedo que se genera por una fractura \u00f3sea de la falange distal. Es decir, las fracturas que present\u00f3 Lucio en diciembre\u00a0nunca fueron tratadas ni tenidas en cuenta\u00a0por la mam\u00e1 y su pareja. Ese d\u00eda tambi\u00e9n se le realizaron varios estudios, entre ellos una radiograf\u00eda de codo, antebrazo, mu\u00f1eca, mano y dedos, entre otras zonas del cuerpo.<\/p>\n<p><strong>Fuente<\/strong>: TN.com.ar<\/p>\n<p><img loading=\"lazy\" decoding=\"async\" class=\"alignnone wp-image-51494 size-full\" src=\"https:\/\/informateesquina.com\/wp-content\/uploads\/2021\/12\/61a425591bdde.jpg\" alt=\"\" width=\"703\" height=\"1172\" srcset=\"http:\/\/informateesquina.com\/wp-content\/uploads\/2021\/12\/61a425591bdde.jpg 703w, http:\/\/informateesquina.com\/wp-content\/uploads\/2021\/12\/61a425591bdde-180x300.jpg 180w, http:\/\/informateesquina.com\/wp-content\/uploads\/2021\/12\/61a425591bdde-614x1024.jpg 614w\" sizes=\"auto, (max-width: 703px) 100vw, 703px\" \/><\/p>\n<\/div>\n<\/div>\n<\/div>\n<\/div>\n<\/div>\n<\/article>\n<\/div>\n<\/div>\n<\/section>\n<\/div>\n<p><\/main><\/p>\n","protected":false},"excerpt":{"rendered":"<p>&nbsp; Magdalena Esposito Valenti, la mam\u00e1 de Lucio, y Abigail P\u00e1ez, la pareja, son las\u00a0principales sospechosas del homicidio de Lucio.\u00a0Ambas se encuentran alojadas en el Complejo Penitenciario N\u00b01 de San Luis. El examen forense de Lucio Dupuy\u00a0que se conoci\u00f3 ayer hab\u00eda constatado que el nene ten\u00eda heridas compatibles con una\u00a0violaci\u00f3n,\u00a0adem\u00e1s de que el cuerpo mostraba\u00a0politraumatismos\u00a0como [&hellip;]<\/p>\n","protected":false},"author":3,"featured_media":51442,"comment_status":"open","ping_status":"open","sticky":false,"template":"","format":"standard","meta":{"footnotes":""},"categories":[8,11],"tags":[],"class_list":["post-51493","post","type-post","status-publish","format-standard","has-post-thumbnail","hentry","category-policiales","category-sociedad"],"_links":{"self":[{"href":"http:\/\/informateesquina.com\/index.php?rest_route=\/wp\/v2\/posts\/51493","targetHints":{"allow":["GET"]}}],"collection":[{"href":"http:\/\/informateesquina.com\/index.php?rest_route=\/wp\/v2\/posts"}],"about":[{"href":"http:\/\/informateesquina.com\/index.php?rest_route=\/wp\/v2\/types\/post"}],"author":[{"embeddable":true,"href":"http:\/\/informateesquina.com\/index.php?rest_route=\/wp\/v2\/users\/3"}],"replies":[{"embeddable":true,"href":"http:\/\/informateesquina.com\/index.php?rest_route=%2Fwp%2Fv2%2Fcomments&post=51493"}],"version-history":[{"count":0,"href":"http:\/\/informateesquina.com\/index.php?rest_route=\/wp\/v2\/posts\/51493\/revisions"}],"wp:featuredmedia":[{"embeddable":true,"href":"http:\/\/informateesquina.com\/index.php?rest_route=\/wp\/v2\/media\/51442"}],"wp:attachment":[{"href":"http:\/\/informateesquina.com\/index.php?rest_route=%2Fwp%2Fv2%2Fmedia&parent=51493"}],"wp:term":[{"taxonomy":"category","embeddable":true,"href":"http:\/\/informateesquina.com\/index.php?rest_route=%2Fwp%2Fv2%2Fcategories&post=51493"},{"taxonomy":"post_tag","embeddable":true,"href":"http:\/\/informateesquina.com\/index.php?rest_route=%2Fwp%2Fv2%2Ftags&post=51493"}],"curies":[{"name":"wp","href":"https:\/\/api.w.org\/{rel}","templated":true}]}}