{"id":51497,"date":"2021-12-02T23:25:47","date_gmt":"2021-12-03T02:25:47","guid":{"rendered":"https:\/\/informateesquina.com\/?p=51497"},"modified":"2021-12-02T23:25:47","modified_gmt":"2021-12-03T02:25:47","slug":"chaco-murio-el-marido-de-una-intendente-en-un-accidente-de-transito","status":"publish","type":"post","link":"http:\/\/informateesquina.com\/?p=51497","title":{"rendered":"Chaco: Muri\u00f3 el marido de una intendente en un accidente de tr\u00e1nsito"},"content":{"rendered":"<div id=\"page-wrapper\">\n<div id=\"page\" class=\"container page\">\n<div id=\"columns\" class=\"columns clearfix\"><main id=\"content-column\" class=\"content-column\" role=\"main\"><\/p>\n<div class=\"content-inner\">\n<section id=\"main-content\">\n<div id=\"content\" class=\"region\">\n<div id=\"block-system-main\" class=\"block block-system no-title\">\n<article id=\"node-130868\" class=\"node node-news node-promoted node-sticky article imp_shadow_box clearfix policiales\">\n<div class=\"node-content\">\n<div class=\"field field-name-field-article-image field-type-image field-label-hidden view-mode-default\">\n<div class=\"field-items\">\n<figure class=\"clearfix field-item even\">Este mi\u00e9rcoles, pasada las 19:30 horas, el vuelco de una camioneta se produjo sobre la Ruta 13. El hecho ocurri\u00f3 en cercan\u00edas a Pampa Landriel.<\/figure>\n<\/div>\n<\/div>\n<div class=\"short_content\">\n<div class=\"field field-name-body field-type-text-with-summary field-label-hidden view-mode-default\">\n<div class=\"field-items\">\n<div class=\"field-item even\">\n<p>Seg\u00fan fuentes policiales,\u00a0<strong>Dar\u00edo Sartori, esposo de Alejandra Campos, Intendente a cargo de la ciudad de Charata, fue la v\u00edctima fatal del accidente.<\/strong><\/p>\n<div class=\"image-link-container\"><a class=\"image-link\" href=\"https:\/\/www.diariotag.com\/sites\/www.diariotag.com\/files\/Imce_Uploads_2020\/whatsapp_image_2021-12-01_at_21.41.19.jpeg\"><img decoding=\"async\" src=\"https:\/\/www.diariotag.com\/sites\/www.diariotag.com\/files\/Imce_Uploads_2020\/whatsapp_image_2021-12-01_at_21.41.19.jpeg\" alt=\"\" \/><\/a><\/p>\n<div class=\"zoom-in-material\"><\/div>\n<\/div>\n<div class=\"in_article\"><\/div>\n<p>Hasta el momento se pudo saber que\u00a0<strong>circulaba en una camioneta Chrevrolet color gris y junto a un joven de 24 a\u00f1os,<\/strong>\u00a0quien debi\u00f3 ser asistido por el personal m\u00e9dico y trasladado en ambulancia.<\/p>\n<div id=\"mow_ret-878028855097164\">\n<div data-mow_video=\"nv-nvxawns9lxbo\" data-mow_init=\"true\">\n<div id=\"mnv-nvxawns9lxbo-772201853121193\" class=\"mowplayer mowplayer-container\">\n<div class=\"mow mow__playlist-wrapper mow-wait_play mow-hide-controls mow-type_video mow-provider_html5 mow__playlist_type_video_article mow__playlist_theme_dark mow__playlist_position_right mow__playlist_layout_default mow-ui_enabled mow__ratio__16_9 mw-script mow-paused mow-stopped mow__video_article_info_bottom mw_size_600\"><\/div>\n<\/div>\n<\/div>\n<\/div>\n<\/div>\n<\/div>\n<\/div>\n<\/div>\n<\/div>\n<\/article>\n<\/div>\n<\/div>\n<\/section>\n<div class=\"region region-content-aside\">\n<div class=\"region-inner clearfix\">\n<div id=\"block-nodeblock-5581\" class=\"block block-nodeblock no-title\">\n<div class=\"block-inner clearfix\">\n<div class=\"block-content content\"><\/div>\n<\/div>\n<\/div>\n<\/div>\n<\/div>\n<\/div>\n<p><\/main><\/p>\n<div class=\"region region-sidebar-second sidebar\">\n<div class=\"region-inner clearfix\">\n<div id=\"block-nodeblock-16015\" class=\"block block-nodeblock no-title\">\n<div class=\"block-inner clearfix\">\n<div class=\"block-content content\">\n<div class=\"sda desktop s500 w300 \"><\/div>\n<\/div>\n<\/div>\n<\/div>\n<div id=\"block-nodeblock-29283\" class=\"block block-nodeblock no-title\">\n<div class=\"block-inner clearfix\">\n<div class=\"block-content content\">\n<div class=\"sda desktop s600 w300 \"><\/div>\n<\/div>\n<\/div>\n<\/div>\n<div id=\"block-nodeblock-29278\" class=\"block block-nodeblock no-title\">\n<div class=\"block-inner clearfix\">\n<div class=\"block-content content\">\n<div class=\"sda desktop s249 w300 \"><\/div>\n<\/div>\n<\/div>\n<\/div>\n<\/div>\n<\/div>\n<\/div>\n<\/div>\n<div class=\"lateral right fixed\">\n<div class=\"region region-lateral-right\">\n<div class=\"region-inner clearfix\">\n<div id=\"block-nodeblock-44687\" class=\"block block-nodeblock no-title\">\n<div class=\"block-inner clearfix\">\n<div class=\"block-content content\">\n<div class=\"sda both s600 w140 \"><\/div>\n<\/div>\n<\/div>\n<\/div>\n<\/div>\n<\/div>\n<\/div>\n<div class=\"lateral left fixed\">\n<div class=\"region region-lateral-left\">\n<div class=\"region-inner clearfix\">\n<div id=\"block-nodeblock-122\" class=\"block block-nodeblock no-title\">\n<div class=\"block-inner clearfix\">\n<div class=\"block-content content\">\n<div class=\"sda desktop s600 w160 \"><\/div>\n<\/div>\n<\/div>\n<\/div>\n<div id=\"block-nodeblock-44663\" class=\"block block-nodeblock no-title\">\n<div class=\"block-inner clearfix\">\n<div class=\"block-content content\">\n<div class=\"sda both s600 w140 \">\n<div id=\"eplAdDivLateral\"><\/div>\n<\/div>\n<\/div>\n<\/div>\n<\/div>\n<\/div>\n<\/div>\n<\/div>\n<\/div>\n<p><a class=\"social-icon last\" href=\"https:\/\/www.diariotag.com\/rss-feed\" target=\"_blank\" rel=\"noopener\"><img decoding=\"async\" src=\"https:\/\/www.diariotag.com\/sites\/default\/themes\/diariotag\/images\/icon-rss.png\" \/><\/a><\/p>\n","protected":false},"excerpt":{"rendered":"<p>Este mi\u00e9rcoles, pasada las 19:30 horas, el vuelco de una camioneta se produjo sobre la Ruta 13. El hecho ocurri\u00f3 en cercan\u00edas a Pampa Landriel. Seg\u00fan fuentes policiales,\u00a0Dar\u00edo Sartori, esposo de Alejandra Campos, Intendente a cargo de la ciudad de Charata, fue la v\u00edctima fatal del accidente. Hasta el momento se pudo saber que\u00a0circulaba en [&hellip;]<\/p>\n","protected":false},"author":3,"featured_media":51498,"comment_status":"open","ping_status":"open","sticky":false,"template":"","format":"standard","meta":{"footnotes":""},"categories":[8,11],"tags":[],"class_list":["post-51497","post","type-post","status-publish","format-standard","has-post-thumbnail","hentry","category-policiales","category-sociedad"],"_links":{"self":[{"href":"http:\/\/informateesquina.com\/index.php?rest_route=\/wp\/v2\/posts\/51497","targetHints":{"allow":["GET"]}}],"collection":[{"href":"http:\/\/informateesquina.com\/index.php?rest_route=\/wp\/v2\/posts"}],"about":[{"href":"http:\/\/informateesquina.com\/index.php?rest_route=\/wp\/v2\/types\/post"}],"author":[{"embeddable":true,"href":"http:\/\/informateesquina.com\/index.php?rest_route=\/wp\/v2\/users\/3"}],"replies":[{"embeddable":true,"href":"http:\/\/informateesquina.com\/index.php?rest_route=%2Fwp%2Fv2%2Fcomments&post=51497"}],"version-history":[{"count":0,"href":"http:\/\/informateesquina.com\/index.php?rest_route=\/wp\/v2\/posts\/51497\/revisions"}],"wp:featuredmedia":[{"embeddable":true,"href":"http:\/\/informateesquina.com\/index.php?rest_route=\/wp\/v2\/media\/51498"}],"wp:attachment":[{"href":"http:\/\/informateesquina.com\/index.php?rest_route=%2Fwp%2Fv2%2Fmedia&parent=51497"}],"wp:term":[{"taxonomy":"category","embeddable":true,"href":"http:\/\/informateesquina.com\/index.php?rest_route=%2Fwp%2Fv2%2Fcategories&post=51497"},{"taxonomy":"post_tag","embeddable":true,"href":"http:\/\/informateesquina.com\/index.php?rest_route=%2Fwp%2Fv2%2Ftags&post=51497"}],"curies":[{"name":"wp","href":"https:\/\/api.w.org\/{rel}","templated":true}]}}