{"id":51510,"date":"2021-12-03T22:07:25","date_gmt":"2021-12-04T01:07:25","guid":{"rendered":"https:\/\/informateesquina.com\/?p=51510"},"modified":"2021-12-03T22:07:25","modified_gmt":"2021-12-04T01:07:25","slug":"si-el-alumno-no-lo-logra-debera-recursar-dijo-la-ministra-de-educacion","status":"publish","type":"post","link":"http:\/\/informateesquina.com\/?p=51510","title":{"rendered":"&#8220;Si el alumno no lo logra, deber\u00e1 recursar&#8221;, dijo la Ministra de Educaci\u00f3n"},"content":{"rendered":"<div class=\"banner wline space-bottom\"><a class=\"fotos-desarrollo unlink\" title=\"Si el alumno no lo logra, deber\u00e1 recursar, dijo la Ministra de Educaci\u00f3n\" href=\"https:\/\/www.radiosudamericana.com\/notix\/multimedia\/imagenes\/fotos\/2021-12-03\/896989.jpg\"><img loading=\"lazy\" decoding=\"async\" class=\"img-responsive lazyload center-block\" src=\"https:\/\/www.radiosudamericana.com\/notix\/multimedia\/imagenes\/fotos\/2021-12-03\/896989.jpg_nota.jpg\" alt=\"Si el alumno no lo logra, deber\u00e1 recursar, dijo la Ministra de Educaci\u00f3n\" width=\"700\" height=\"393\" \/><\/a><\/div>\n<p>&nbsp;<\/p>\n<div class=\"audios-desarrollo\">\n<div id=\"audio-1\">Tras los fuertes rumores sobre la no repitencia de los estudiantes correntinos, la Ministra de Educaci\u00f3n de Corrientes, Lic. Susana Ben\u00edtez, dialog\u00f3 con Radio Sudamericana en exclusiva y dijo \u201cese p\u00e1rrafo de la Resoluci\u00f3n N\u00ba 6632 fue absolutamente malinterpretado y descontextualizado\u201d.<\/div>\n<\/div>\n<div class=\"cuerpo\">\n<p>En este sentido explic\u00f3<strong>\u00a0\u201cla resoluci\u00f3n N\u00ba 6632 establece el calendario escolar para el a\u00f1o 2022<\/strong>\u00a0que se elabora con integrantes de todo el Ministerio de Educaci\u00f3n de los distintos niveles educativos\u201d, arranc\u00f3 diciendo.\u00a0<strong>\u00a0\u201cEs tan amplia esa resoluci\u00f3n porque establece todas las instancias por las que se va a atravesar en el proceso educativo desde el primer d\u00eda que se abren las escuelas hasta la finalizaci\u00f3n del 2022\u201d.<\/strong><\/p>\n<p>\u201cSi miran el calendario, van a poder apreciar todas las instancias de evaluaci\u00f3n que atravesar\u00e1n los alumnos durante el pr\u00f3ximo a\u00f1o.\u00a0<strong>Las evaluaciones ser\u00e1n graduales, acompa\u00f1adas y sistem\u00e1ticas. Haremos todo para que los alumnos est\u00e9n en la escuela, aprendan en la escuela y promocionen\u201d.<\/strong><\/p>\n<p>\u201cQueremos evitar que los alumnos abandonen o se llegue al proceso de repitencia. Obviamente si los alumnos no cumplen estas instancias, se avaluar\u00e1 si pasa o no pasa.\u00a0<strong>Si el alumno no aprueba las materias que tiene que aprobar, tendr\u00e1 que rendir nuevamente o volver a recursar el a\u00f1o\u201d.<\/strong><\/p>\n<p><strong>\u201cQueremos evitar la repitencia de nuestros alumnos, pero si no lo logra, tendr\u00e1 que repetir&#8221;<\/strong>, agreg\u00f3 en contacto con Radio Sudamericana en exclusiva.<\/p>\n<\/div>\n","protected":false},"excerpt":{"rendered":"<p>&nbsp; Tras los fuertes rumores sobre la no repitencia de los estudiantes correntinos, la Ministra de Educaci\u00f3n de Corrientes, Lic. Susana Ben\u00edtez, dialog\u00f3 con Radio Sudamericana en exclusiva y dijo \u201cese p\u00e1rrafo de la Resoluci\u00f3n N\u00ba 6632 fue absolutamente malinterpretado y descontextualizado\u201d. En este sentido explic\u00f3\u00a0\u201cla resoluci\u00f3n N\u00ba 6632 establece el calendario escolar para el [&hellip;]<\/p>\n","protected":false},"author":3,"featured_media":51511,"comment_status":"open","ping_status":"open","sticky":false,"template":"","format":"standard","meta":{"footnotes":""},"categories":[10,11],"tags":[],"class_list":["post-51510","post","type-post","status-publish","format-standard","has-post-thumbnail","hentry","category-provinciales","category-sociedad"],"_links":{"self":[{"href":"http:\/\/informateesquina.com\/index.php?rest_route=\/wp\/v2\/posts\/51510","targetHints":{"allow":["GET"]}}],"collection":[{"href":"http:\/\/informateesquina.com\/index.php?rest_route=\/wp\/v2\/posts"}],"about":[{"href":"http:\/\/informateesquina.com\/index.php?rest_route=\/wp\/v2\/types\/post"}],"author":[{"embeddable":true,"href":"http:\/\/informateesquina.com\/index.php?rest_route=\/wp\/v2\/users\/3"}],"replies":[{"embeddable":true,"href":"http:\/\/informateesquina.com\/index.php?rest_route=%2Fwp%2Fv2%2Fcomments&post=51510"}],"version-history":[{"count":0,"href":"http:\/\/informateesquina.com\/index.php?rest_route=\/wp\/v2\/posts\/51510\/revisions"}],"wp:featuredmedia":[{"embeddable":true,"href":"http:\/\/informateesquina.com\/index.php?rest_route=\/wp\/v2\/media\/51511"}],"wp:attachment":[{"href":"http:\/\/informateesquina.com\/index.php?rest_route=%2Fwp%2Fv2%2Fmedia&parent=51510"}],"wp:term":[{"taxonomy":"category","embeddable":true,"href":"http:\/\/informateesquina.com\/index.php?rest_route=%2Fwp%2Fv2%2Fcategories&post=51510"},{"taxonomy":"post_tag","embeddable":true,"href":"http:\/\/informateesquina.com\/index.php?rest_route=%2Fwp%2Fv2%2Ftags&post=51510"}],"curies":[{"name":"wp","href":"https:\/\/api.w.org\/{rel}","templated":true}]}}