{"id":51730,"date":"2021-12-16T00:14:07","date_gmt":"2021-12-16T03:14:07","guid":{"rendered":"https:\/\/informateesquina.com\/?p=51730"},"modified":"2021-12-16T00:14:07","modified_gmt":"2021-12-16T03:14:07","slug":"el-precio-de-haber-ganado-en-corrientes-es-la-discriminacion","status":"publish","type":"post","link":"http:\/\/informateesquina.com\/?p=51730","title":{"rendered":"&#8220;El precio de haber ganado en Corrientes es la discriminaci\u00f3n&#8221;"},"content":{"rendered":"<div>\n<p class=\"copete\"><a class=\"fotos-desarrollo unlink\" title=\"El precio de haber ganado en Corrientes es la discriminaci\u00f3n\" href=\"https:\/\/www.radiosudamericana.com\/notix\/multimedia\/imagenes\/fotos\/2021-12-15\/590359.jpg\"><img loading=\"lazy\" decoding=\"async\" class=\"img-responsive lazyload center-block\" src=\"https:\/\/www.radiosudamericana.com\/notix\/multimedia\/imagenes\/fotos\/2021-12-15\/590359.jpg_nota.jpg\" alt=\"El precio de haber ganado en Corrientes es la discriminaci\u00f3n\" width=\"700\" height=\"354\" \/><\/a><\/p>\n<\/div>\n<p>&nbsp;<\/p>\n<div class=\"cuerpo\">\n<p>Gustavo Vald\u00e9s, gobernador correntino, estuvo hoy en el programa de la tarde de Viviana Canosa llamado \u201cViviana con Vos\u201d. All\u00ed habl\u00f3 de tema presupuesto, internas en el radicalismo y presentaci\u00f3n de proyectos serios desde su espacio pol\u00edtico, entre otras cosas.<\/p>\n<p>Ni bien comenzar, Vald\u00e9s se refiri\u00f3 a las pol\u00edticas tomadas en la provincia que \u00e9l gobierna actualmente. \u201cNosotros tenemos un movimiento pol\u00edtico muy grande que tiene como objetivo la generaci\u00f3n de trabajo. La gente quiere trabajar. Desde Naci\u00f3n quieren m\u00e1s presupuesto y desde algunas provincias se lo estamos facilitando\u201d, destac\u00f3.<\/p>\n<p>Asimismo, cuando fue cuestionado acerca de los efectos de las \u00faltimas elecciones en las decisiones a nivel pa\u00eds, declar\u00f3: \u201c<strong>El precio de haber ganado como lo hicimos en Corrientes es la discriminaci\u00f3n<\/strong>. No se distribuye correctamente los fondos del presupuesto nacional. \u00bfQui\u00e9n nos va a prestar toda esa plata? No lo quieren explicar porque el autoritarismo que aplican es as\u00ed. Este tipo de censura no sepulta la grieta. Deber\u00edamos votar un presupuesto razonable para todas las provincias y no s\u00f3lo para las que est\u00e1n alineadas al oficialismo nacional. Nadie vota en contra de s\u00ed mismo, por lo que no nos pueden pedir que nos cortemos nuestras piernas. Hay que atender a todos los intereses\u201d.<\/p>\n<p>&nbsp;<\/p>\n<div id=\"embeds\" class=\"inser center-block\"><iframe loading=\"lazy\" title=\"YouTube video player\" src=\"https:\/\/www.youtube.com\/embed\/3l0LrcHaBQ4\" width=\"640\" height=\"400\" frameborder=\"0\" allowfullscreen=\"allowfullscreen\" data-mce-fragment=\"1\"><\/iframe><\/div>\n<p>&nbsp;<\/p>\n<p>Con respecto a las internas en el radicalismo con Morales y Lousteau como principales implicados, Vald\u00e9s declar\u00f3: \u201c<strong>Yo estoy del lado de Corrientes y a favor de la Uni\u00f3n C\u00edvica Radical<\/strong>. Lousteau me parece que es un dirigente que puede aportar al radicalismo, pero eso no quita que le falta tiempo en el partido para conocerlo mejor. Nosotros tenemos que venir a aportar.\u00a0<strong>Hay un radicalismo que viene creciendo, no hay derecho a cortarlo, a quebrarse<\/strong>. Creo que debemos llamar a la reflexi\u00f3n a todos y ponernos de acuerdo en el bloque\u201d.<\/p>\n<p>Por \u00faltimo, y ligado a los dichos de Patricia Bullrich sobre el conflicto en la UCR, fue concreto: \u201c<strong>Yo respeto a Patricia Bullrich, pero prefiero que hable del PRO antes del radicalismo<\/strong>. \u00bfQui\u00e9n va del PRO? Ellos tienen que definir sus candidatos y generar propuestas que vayan con los intereses de la gente.\u00a0<strong>Cuando gan\u00e1s es cuando m\u00e1s humildad deb\u00e9s tener y aportar para la construcci\u00f3n<\/strong>. Debemos definir bien la estrategia y ver c\u00f3mo vamos para adelante. Hoy debemos mostrarle un proyecto a la gente que est\u00e1 desesperada por ideas\u201d.<\/p>\n<\/div>\n","protected":false},"excerpt":{"rendered":"<p>&nbsp; Gustavo Vald\u00e9s, gobernador correntino, estuvo hoy en el programa de la tarde de Viviana Canosa llamado \u201cViviana con Vos\u201d. All\u00ed habl\u00f3 de tema presupuesto, internas en el radicalismo y presentaci\u00f3n de proyectos serios desde su espacio pol\u00edtico, entre otras cosas. Ni bien comenzar, Vald\u00e9s se refiri\u00f3 a las pol\u00edticas tomadas en la provincia que [&hellip;]<\/p>\n","protected":false},"author":3,"featured_media":51633,"comment_status":"open","ping_status":"open","sticky":false,"template":"","format":"standard","meta":{"footnotes":""},"categories":[9,10,11],"tags":[],"class_list":["post-51730","post","type-post","status-publish","format-standard","has-post-thumbnail","hentry","category-politica","category-provinciales","category-sociedad"],"_links":{"self":[{"href":"http:\/\/informateesquina.com\/index.php?rest_route=\/wp\/v2\/posts\/51730","targetHints":{"allow":["GET"]}}],"collection":[{"href":"http:\/\/informateesquina.com\/index.php?rest_route=\/wp\/v2\/posts"}],"about":[{"href":"http:\/\/informateesquina.com\/index.php?rest_route=\/wp\/v2\/types\/post"}],"author":[{"embeddable":true,"href":"http:\/\/informateesquina.com\/index.php?rest_route=\/wp\/v2\/users\/3"}],"replies":[{"embeddable":true,"href":"http:\/\/informateesquina.com\/index.php?rest_route=%2Fwp%2Fv2%2Fcomments&post=51730"}],"version-history":[{"count":0,"href":"http:\/\/informateesquina.com\/index.php?rest_route=\/wp\/v2\/posts\/51730\/revisions"}],"wp:featuredmedia":[{"embeddable":true,"href":"http:\/\/informateesquina.com\/index.php?rest_route=\/wp\/v2\/media\/51633"}],"wp:attachment":[{"href":"http:\/\/informateesquina.com\/index.php?rest_route=%2Fwp%2Fv2%2Fmedia&parent=51730"}],"wp:term":[{"taxonomy":"category","embeddable":true,"href":"http:\/\/informateesquina.com\/index.php?rest_route=%2Fwp%2Fv2%2Fcategories&post=51730"},{"taxonomy":"post_tag","embeddable":true,"href":"http:\/\/informateesquina.com\/index.php?rest_route=%2Fwp%2Fv2%2Ftags&post=51730"}],"curies":[{"name":"wp","href":"https:\/\/api.w.org\/{rel}","templated":true}]}}