{"id":51733,"date":"2021-12-16T00:15:49","date_gmt":"2021-12-16T03:15:49","guid":{"rendered":"https:\/\/informateesquina.com\/?p=51733"},"modified":"2021-12-16T00:15:49","modified_gmt":"2021-12-16T03:15:49","slug":"tablets-gratis-para-los-jovenes-de-entre-15-y-25-anos","status":"publish","type":"post","link":"http:\/\/informateesquina.com\/?p=51733","title":{"rendered":"Tablets gratis para los j\u00f3venes de entre 15 y 25 a\u00f1os"},"content":{"rendered":"<div>\n<p class=\"copete\">\n<\/div>\n<div class=\"fotos-y-videos\">\n<div class=\"tab-content\">\n<div id=\"fotos\" class=\"tab-pane fade in active\" role=\"tabpanel\"><a class=\"fotos-desarrollo unlink\" title=\"Tablets gratis para los j\u00f3venes de entre 15 y 25 a\u00f1os \" href=\"https:\/\/www.radiosudamericana.com\/notix\/multimedia\/imagenes\/fotos\/2021-12-15\/742903.jpg\"><img loading=\"lazy\" decoding=\"async\" class=\"img-responsive lazyload center-block\" src=\"https:\/\/www.radiosudamericana.com\/notix\/multimedia\/imagenes\/fotos\/2021-12-15\/742903.jpg_nota.jpg\" alt=\"Tablets gratis para los j\u00f3venes de entre 15 y 25 a\u00f1os \" width=\"700\" height=\"394\" \/><\/a><\/div>\n<\/div>\n<\/div>\n<p>&nbsp;<\/p>\n<div class=\"cuerpo\">\n<p>El Gobierno ampli\u00f3 la cantidad de beneficiarios que pueden acceder al programa Conectando con Vos, que otorga tablets en forma gratutita. A trav\u00e9s de la Resoluci\u00f3n 2036, publicada este mi\u00e9rcoles en el Bolet\u00edn Oficial, se estableci\u00f3 que podr\u00e1n recibir el beneficio los j\u00f3venes entre 15 y 25 a\u00f1os que cumplan con los siguientes requisitos:<\/p>\n<p>&#8211; J\u00f3venes incluidos en programas Nacionales, Provinciales o Municipales de apoyo educativo, revinculaci\u00f3n educativa, ya sea en el nivel medio, escuela para adultos, terciaria, universitaria u otra de gesti\u00f3n estatal.<\/p>\n<p>&#8211; J\u00f3venes inscriptos en escuelas de formaci\u00f3n laboral o de cursos de capacitaci\u00f3n laboral o de oficios acreditados ante el Ministerio de Trabajo.<\/p>\n<p>&#8211; J\u00f3venes beneficiarios de los Programas de promoci\u00f3n de empleo del Ministerio de Trabajo.<\/p>\n<p>&#8211; J\u00f3venes que participen de proyectos culturales, deportivos, sociales, entre otros, impulsados por el Gobierno Nacional, los Gobiernos Provinciales o Municipales.<\/p>\n<p>Los destinatarios del programa son:<\/p>\n<p>&#8211; Beneficiarios de la Asignaci\u00f3n Universal por Hijo (AUH) y la Asignaci\u00f3n por Embarazo, como as\u00ed tambi\u00e9n sus hijos de entre 16 y 18 a\u00f1os, y miembros de su grupo familiar.<\/p>\n<p><a class=\"fotos-desarrollo unlink\" title=\"Tablets gratis para los j\u00f3venes de entre 15 y 25 a\u00f1os \" href=\"https:\/\/www.radiosudamericana.com\/notix\/multimedia\/imagenes\/fotos\/2021-12-15\/808104.jpg\"><img decoding=\"async\" class=\"img-responsive\" src=\"https:\/\/www.radiosudamericana.com\/notix\/multimedia\/imagenes\/fotos\/2021-12-15\/808104.jpg_nota.jpg\" \/><\/a><\/p>\n<p>&#8211; Beneficiarios de Pensiones no Contributivas que perciban ingresos mensuales brutos no superiores a dos Salarios M\u00ednimos Vitales y M\u00f3viles como as\u00ed tambi\u00e9n sus hijos de entre 16 y 18 a\u00f1os.<\/p>\n<p>&#8211; Usuarios inscriptos y usuarias inscriptas en el R\u00e9gimen de Monotributo Social y sus hijos de entre 16 y 18 a\u00f1os.<\/p>\n<p>&#8211; Jubilados; pensionados; y trabajadores en relaci\u00f3n de dependencia que perciban una remuneraci\u00f3n bruta menor o igual a dos Salarios M\u00ednimos Vitales y M\u00f3viles como as\u00ed tambi\u00e9n sus hijos de entre 16 y 18 a\u00f1os.<\/p>\n<p>&#8211; Monotributistas inscriptos en una categor\u00eda cuyo ingreso anual mensualizado no supere dos Salarios M\u00ednimos Vitales y M\u00f3viles y sus hijos de entre 16 y 18 a\u00f1os.<\/p>\n<p>&#8211; Usuarios que perciban seguro de desempleo y sus hijos de entre 16 y 18 a\u00f1os<\/p>\n<p>&#8211; Usuarios incorporados en el R\u00e9gimen Especial de Seguridad Social para Empleados de Casas Particulares (Ley N\u00b0 26.844) y sus hijos de entre 16 y 18 a\u00f1os.<\/p>\n<p>&#8211; Usuarios que perciban una beca del programa Progresar.<\/p>\n<p>&#8211; Personas que se encuentren desocupadas o se desempe\u00f1en en la econom\u00eda informal, y sus hijos de entre 16 y 18 a\u00f1os.<\/p>\n<p>&#8211; Beneficiarios de programas sociales y sus hijos de entre 16 y 18 a\u00f1os.<\/p>\n<p>&#8211; Clubes de Barrio y de Pueblo que se encuentren registrados conforme lo dispuesto por la Ley N\u00b0 27.098.<\/p>\n<p>&#8211; Asociaciones de Bomberos Voluntarios definidas por la Ley N\u00b0 25.054 como entes de primer grado y que se encuentren registrados en los t\u00e9rminos de dicha Ley.<\/p>\n<p>&#8211; Entidades de Bien P\u00fablico definidas por la Ley N\u00b0 27.218 como: asociaciones civiles, simples asociaciones y fundaciones que no persiguen fines de lucro en forma directa o indirecta y las organizaciones comunitarias sin fines de lucro con reconocimiento municipal que llevan adelante programas de promoci\u00f3n y protecci\u00f3n de derechos o desarrollan actividades de ayuda social directa sin cobrar a los destinatarios por los servicios que prestan, debiendo estar inscriptas ante el Centro Nacional de Organizaciones de la Comunidad (CENOC).<\/p>\n<p>&#8211; Beneficiarios y Beneficiarias del Programa Conectar Igualdad.<\/p>\n<p>&#8211; Habitantes de barrios populares inscriptos en el Registro Nacional de Barrios Populares (RENABAP), creado por el Decreto N\u00b0 358\/2017.<\/p>\n<p>El programa Conectando con vos se realizar\u00e1 en etapas. Los dispositivos se entregar\u00e1n mediante convenios entre el Enacom y las jurisdicciones provinciales, municipales, asociaciones civiles, redes comunitarias y otras entidades intermedias. En el caso de las personas beneficiarias del programa Conectar Igualdad la implementaci\u00f3n se hace a trav\u00e9s del Ministerio de Educaci\u00f3n de la Naci\u00f3n.<\/p>\n<p>En principio van a entregarse 140.000 dispositivos. Esa cantidad puede ampliarse hasta un 35% seg\u00fan c\u00f3mo se desarrolle el programa.<\/p>\n<p>Las jurisdicciones provinciales, municipales, asociaciones civiles, redes comunitarias y otras entidades intermedias deben inscribirse en el Enacom y pedir la cantidad de dispositivos que necesiten entregar. El organismo luego asignar\u00e1 las tablets seg\u00fan la disponibilidad de equipos. Cada beneficiario recibir\u00e1 una tablet. El programa Conectando con vos estar\u00e1 vigente hasta el 22 de abril de 2023.<\/p>\n<\/div>\n","protected":false},"excerpt":{"rendered":"<p>&nbsp; El Gobierno ampli\u00f3 la cantidad de beneficiarios que pueden acceder al programa Conectando con Vos, que otorga tablets en forma gratutita. A trav\u00e9s de la Resoluci\u00f3n 2036, publicada este mi\u00e9rcoles en el Bolet\u00edn Oficial, se estableci\u00f3 que podr\u00e1n recibir el beneficio los j\u00f3venes entre 15 y 25 a\u00f1os que cumplan con los siguientes requisitos: [&hellip;]<\/p>\n","protected":false},"author":3,"featured_media":51734,"comment_status":"open","ping_status":"open","sticky":false,"template":"","format":"standard","meta":{"footnotes":""},"categories":[7,11],"tags":[],"class_list":["post-51733","post","type-post","status-publish","format-standard","has-post-thumbnail","hentry","category-nacionales","category-sociedad"],"_links":{"self":[{"href":"http:\/\/informateesquina.com\/index.php?rest_route=\/wp\/v2\/posts\/51733","targetHints":{"allow":["GET"]}}],"collection":[{"href":"http:\/\/informateesquina.com\/index.php?rest_route=\/wp\/v2\/posts"}],"about":[{"href":"http:\/\/informateesquina.com\/index.php?rest_route=\/wp\/v2\/types\/post"}],"author":[{"embeddable":true,"href":"http:\/\/informateesquina.com\/index.php?rest_route=\/wp\/v2\/users\/3"}],"replies":[{"embeddable":true,"href":"http:\/\/informateesquina.com\/index.php?rest_route=%2Fwp%2Fv2%2Fcomments&post=51733"}],"version-history":[{"count":0,"href":"http:\/\/informateesquina.com\/index.php?rest_route=\/wp\/v2\/posts\/51733\/revisions"}],"wp:featuredmedia":[{"embeddable":true,"href":"http:\/\/informateesquina.com\/index.php?rest_route=\/wp\/v2\/media\/51734"}],"wp:attachment":[{"href":"http:\/\/informateesquina.com\/index.php?rest_route=%2Fwp%2Fv2%2Fmedia&parent=51733"}],"wp:term":[{"taxonomy":"category","embeddable":true,"href":"http:\/\/informateesquina.com\/index.php?rest_route=%2Fwp%2Fv2%2Fcategories&post=51733"},{"taxonomy":"post_tag","embeddable":true,"href":"http:\/\/informateesquina.com\/index.php?rest_route=%2Fwp%2Fv2%2Ftags&post=51733"}],"curies":[{"name":"wp","href":"https:\/\/api.w.org\/{rel}","templated":true}]}}