{"id":51736,"date":"2021-12-16T00:17:54","date_gmt":"2021-12-16T03:17:54","guid":{"rendered":"https:\/\/informateesquina.com\/?p=51736"},"modified":"2021-12-16T00:31:35","modified_gmt":"2021-12-16T03:31:35","slug":"lucio-dupuy-la-madre-del-nino-apunto-contra-el-padre-del-menor","status":"publish","type":"post","link":"http:\/\/informateesquina.com\/?p=51736","title":{"rendered":"Lucio Dupuy: la madre del ni\u00f1o apunt\u00f3 contra el padre del menor"},"content":{"rendered":"<h1><a class=\"fotos-desarrollo unlink\" style=\"font-size: 15px;\" title=\"La madre e imputada por el asesinato apunt\u00f3 contra el padre del menor\" href=\"https:\/\/www.radiosudamericana.com\/notix\/multimedia\/imagenes\/fotos\/2021-12-14\/572714.jpg\"><img loading=\"lazy\" decoding=\"async\" class=\"img-responsive lazyload center-block\" src=\"https:\/\/www.radiosudamericana.com\/notix\/multimedia\/imagenes\/fotos\/2021-12-14\/572714.jpg_nota.jpg\" alt=\"La madre e imputada por el asesinato apunt\u00f3 contra el padre del menor\" width=\"700\" height=\"361\" \/><\/a><\/h1>\n<p>&nbsp;<\/p>\n<div class=\"cuerpo\">\n<p>En el marco de la investigaci\u00f3n por el crimen de\u00a0Lucio Dupuy, este martes tuvo lugar una nueva audiencia en la que la madre del menor e imputada por el asesinato, Magdalena Esp\u00f3sito Valenti, apunt\u00f3 contra Cristian Dupuy, padre del menor.<\/p>\n<p>\u201cQuiero aclarar que el t\u00e9rmino de v\u00edctima al progenitor (de Lucio) no le queda nada bien\u201d, dijo Esp\u00f3sito Valenti, imputada por homicidio agravado por el v\u00ednculo, seg\u00fan el medio pampeano\u00a0La Arena.<\/p>\n<p>Al respecto, el juez Daniel Ralli interrumpi\u00f3 a Esp\u00f3sito. &#8220;No se refer\u00eda al tema por el que fue convocada la audiencia y el juez le advirti\u00f3 que solo pod\u00eda emitir una manifestaci\u00f3n relativa a este tr\u00e1mite&#8221;, aclar\u00f3.<\/p>\n<p>En la audiencia participaron\u00a0las imputadas Magdalena Esp\u00f3sito Valenti y Abigail P\u00e1ez, la madre y su pareja respectivamente; y los familiares paternos de Lucio.<\/p>\n<p>La familia paterna de Lucio pretende que las detenidas no sostengan ning\u00fan tipo de contacto entre ellas en el Complejo Penitenciario 1 de\u00a0San Luis. Si bien se encuentran alojadas en celdas separadas y en un pabell\u00f3n aparte, las acusadas pueden dialogar a trav\u00e9s de las rejas.<\/p>\n<p>&nbsp;<\/p>\n<\/div>\n","protected":false},"excerpt":{"rendered":"<p>&nbsp; En el marco de la investigaci\u00f3n por el crimen de\u00a0Lucio Dupuy, este martes tuvo lugar una nueva audiencia en la que la madre del menor e imputada por el asesinato, Magdalena Esp\u00f3sito Valenti, apunt\u00f3 contra Cristian Dupuy, padre del menor. \u201cQuiero aclarar que el t\u00e9rmino de v\u00edctima al progenitor (de Lucio) no le queda [&hellip;]<\/p>\n","protected":false},"author":3,"featured_media":51442,"comment_status":"open","ping_status":"open","sticky":false,"template":"","format":"standard","meta":{"footnotes":""},"categories":[8,11],"tags":[],"class_list":["post-51736","post","type-post","status-publish","format-standard","has-post-thumbnail","hentry","category-policiales","category-sociedad"],"_links":{"self":[{"href":"http:\/\/informateesquina.com\/index.php?rest_route=\/wp\/v2\/posts\/51736","targetHints":{"allow":["GET"]}}],"collection":[{"href":"http:\/\/informateesquina.com\/index.php?rest_route=\/wp\/v2\/posts"}],"about":[{"href":"http:\/\/informateesquina.com\/index.php?rest_route=\/wp\/v2\/types\/post"}],"author":[{"embeddable":true,"href":"http:\/\/informateesquina.com\/index.php?rest_route=\/wp\/v2\/users\/3"}],"replies":[{"embeddable":true,"href":"http:\/\/informateesquina.com\/index.php?rest_route=%2Fwp%2Fv2%2Fcomments&post=51736"}],"version-history":[{"count":0,"href":"http:\/\/informateesquina.com\/index.php?rest_route=\/wp\/v2\/posts\/51736\/revisions"}],"wp:featuredmedia":[{"embeddable":true,"href":"http:\/\/informateesquina.com\/index.php?rest_route=\/wp\/v2\/media\/51442"}],"wp:attachment":[{"href":"http:\/\/informateesquina.com\/index.php?rest_route=%2Fwp%2Fv2%2Fmedia&parent=51736"}],"wp:term":[{"taxonomy":"category","embeddable":true,"href":"http:\/\/informateesquina.com\/index.php?rest_route=%2Fwp%2Fv2%2Fcategories&post=51736"},{"taxonomy":"post_tag","embeddable":true,"href":"http:\/\/informateesquina.com\/index.php?rest_route=%2Fwp%2Fv2%2Ftags&post=51736"}],"curies":[{"name":"wp","href":"https:\/\/api.w.org\/{rel}","templated":true}]}}