{"id":51772,"date":"2021-12-17T22:46:01","date_gmt":"2021-12-18T01:46:01","guid":{"rendered":"https:\/\/informateesquina.com\/?p=51772"},"modified":"2021-12-17T22:46:11","modified_gmt":"2021-12-18T01:46:11","slug":"ituzaingo-exigiran-vacunacion-completa-para-ingresar-a-bares-y-evento","status":"publish","type":"post","link":"http:\/\/informateesquina.com\/?p=51772","title":{"rendered":"Ituzaing\u00f3: exigir\u00e1n vacunaci\u00f3n completa para ingresar a bares y evento"},"content":{"rendered":"<p>El intendente de Ituzaing\u00f3, Juan Pablo Vald\u00e9s, junto al Comit\u00e9 de Crisis, brind\u00f3 una conferencia de prensa por el brote de coronavirus que vive la localidad correntina, para comunicar una serie de medidas.<\/p>\n<p>El jefe comunal asegur\u00f3 que\u00a0\u00a0&#8220;a\u00a0partir de las 00 (del s\u00e1bado) se exigir\u00e1 en todo evento p\u00fablico y privado el esquema de vacunaci\u00f3n completa&#8221;.<\/p>\n<p>&#8220;Se va a exigir este requisito como primera medida, son pasos previos a llegar a las restricciones&#8221;,\u00a0 asegur\u00f3.<\/p>\n<p>Esto se da a partir de que Ituzaing\u00f3 viene registrando n\u00fameros altos de contagio.En las \u00faltimas 24 horas se hicieron\u00a0720 testeos en toda la ciudad y se detectaron 75 casos, informaron las autoridades en la misma conferencia.<\/p>\n<div class=\"fotos-y-videos\">\n<div class=\"tab-content\">\n<div id=\"fotos\" class=\"tab-pane fade in active\" role=\"tabpanel\"><a class=\"fotos-desarrollo unlink\" title=\"Ituzaing\u00f3: exigir\u00e1n vacunaci\u00f3n completa para ingresar a bares y evento\" href=\"https:\/\/www.radiosudamericana.com\/notix\/multimedia\/imagenes\/fotos\/2021-12-17\/743311.jpg\"><img loading=\"lazy\" decoding=\"async\" class=\"img-responsive lazyload center-block\" src=\"https:\/\/www.radiosudamericana.com\/notix\/multimedia\/imagenes\/fotos\/2021-12-17\/743311.jpg_nota.jpg\" alt=\"Ituzaing\u00f3: exigir\u00e1n vacunaci\u00f3n completa para ingresar a bares y evento\" width=\"700\" height=\"393\" \/><\/a><\/div>\n<\/div>\n<\/div>\n<p>&nbsp;<\/p>\n<div class=\"cuerpo\">\n<p>&nbsp;<\/p>\n<p>Vald\u00e9s indic\u00f3 que esta noche comenzar\u00e1n a\u00a0&#8220;recorrer todos los eventos, m\u00e1s que nada bares, para que se cumpla esta medida&#8221;. Adem\u00e1s precis\u00f3 que secontrolar\u00e1 el uso de barbijos en lugares cerrados.<\/p>\n<p>&#8220;Necesitamos llegar a las fiestas de la mejor manera&#8221;, afirm\u00f3.<\/p>\n<p>A su vez, el jefe comunal dijo que&#8221;la vacuna no evita los contagios, pero s\u00ed aliviana los s\u00edntomas&#8221;.<\/p>\n<p>Tambi\u00e9n le pidi\u00f3 a los j\u00f3venes\u00a0&#8220;entre 12 y 20, que completen sus esquemas de vacunaci\u00f3n&#8221;.<\/p>\n<p>Por otra parte, las autoridades sanitarias adelantaron que\u00a0\u00a0&#8220;en seis o siete d\u00edas va a haber un aumento de casos, pero es normal que ocurra porque son convivientes de los contagiados&#8221;.<\/p>\n<p>Y pidieron a la comunidad\u00a0&#8220;poner su granito de arena, para cuidar la salud de cada uno&#8221;.<\/p>\n<p>FUENTE: DIARIO EL LITORAL<\/p>\n<\/div>\n","protected":false},"excerpt":{"rendered":"<p>El intendente de Ituzaing\u00f3, Juan Pablo Vald\u00e9s, junto al Comit\u00e9 de Crisis, brind\u00f3 una conferencia de prensa por el brote de coronavirus que vive la localidad correntina, para comunicar una serie de medidas. El jefe comunal asegur\u00f3 que\u00a0\u00a0&#8220;a\u00a0partir de las 00 (del s\u00e1bado) se exigir\u00e1 en todo evento p\u00fablico y privado el esquema de vacunaci\u00f3n [&hellip;]<\/p>\n","protected":false},"author":3,"featured_media":51138,"comment_status":"open","ping_status":"open","sticky":false,"template":"","format":"standard","meta":{"footnotes":""},"categories":[10,11],"tags":[],"class_list":["post-51772","post","type-post","status-publish","format-standard","has-post-thumbnail","hentry","category-provinciales","category-sociedad"],"_links":{"self":[{"href":"http:\/\/informateesquina.com\/index.php?rest_route=\/wp\/v2\/posts\/51772","targetHints":{"allow":["GET"]}}],"collection":[{"href":"http:\/\/informateesquina.com\/index.php?rest_route=\/wp\/v2\/posts"}],"about":[{"href":"http:\/\/informateesquina.com\/index.php?rest_route=\/wp\/v2\/types\/post"}],"author":[{"embeddable":true,"href":"http:\/\/informateesquina.com\/index.php?rest_route=\/wp\/v2\/users\/3"}],"replies":[{"embeddable":true,"href":"http:\/\/informateesquina.com\/index.php?rest_route=%2Fwp%2Fv2%2Fcomments&post=51772"}],"version-history":[{"count":0,"href":"http:\/\/informateesquina.com\/index.php?rest_route=\/wp\/v2\/posts\/51772\/revisions"}],"wp:featuredmedia":[{"embeddable":true,"href":"http:\/\/informateesquina.com\/index.php?rest_route=\/wp\/v2\/media\/51138"}],"wp:attachment":[{"href":"http:\/\/informateesquina.com\/index.php?rest_route=%2Fwp%2Fv2%2Fmedia&parent=51772"}],"wp:term":[{"taxonomy":"category","embeddable":true,"href":"http:\/\/informateesquina.com\/index.php?rest_route=%2Fwp%2Fv2%2Fcategories&post=51772"},{"taxonomy":"post_tag","embeddable":true,"href":"http:\/\/informateesquina.com\/index.php?rest_route=%2Fwp%2Fv2%2Ftags&post=51772"}],"curies":[{"name":"wp","href":"https:\/\/api.w.org\/{rel}","templated":true}]}}