{"id":51774,"date":"2021-12-17T22:47:38","date_gmt":"2021-12-18T01:47:38","guid":{"rendered":"https:\/\/informateesquina.com\/?p=51774"},"modified":"2021-12-17T22:47:38","modified_gmt":"2021-12-18T01:47:38","slug":"alarmante-corrientes-registro-231-nuevos-contagios-de-coronavirus","status":"publish","type":"post","link":"http:\/\/informateesquina.com\/?p=51774","title":{"rendered":"Alarmante: Corrientes registr\u00f3 231 nuevos contagios de coronavirus"},"content":{"rendered":"<div class=\"fotos-y-videos\">\n<p>El informe epidemiol\u00f3gico de la provincia de Corrientes registr\u00f3 este viernes <strong>231 nuevos casos positivos de Coronavirus, de los cuales 63 fueron contagios en la ciudad Capital y los 168 restantes en 20 localidades del interior provincial<\/strong>, al haberse analizado 3678 muestras en las \u00faltimas 24 horas.<\/p>\n<\/div>\n<div class=\"cuerpo\">\n<p>Esto actualiza\u00a0<strong>la cifra de casos activos en 919<\/strong>\u00a0y los acumulados en 116.101 en todo el territorio provincial al 17 de diciembre de 2021, con 1.486.989 testeos realizados desde que inici\u00f3 la pandemia y 113.591 recuperados.<\/p>\n<p>Mientras que\u00a0<strong>son 1591 los fallecidos acumulados y 44 los actuales internados en el Hospital de Campa\u00f1a\u00a0con resultado positivo para Covid-19<\/strong>, estando ocupado el 4% de los respiradores y donde adem\u00e1s durante la \u00faltima jornada, 2 pacientes egresaron con alta m\u00e9dica.<\/p>\n<p>Los nuevos casos son:\u00a0<strong>68 Ituzaing\u00f3<\/strong>,\u00a0<strong>63 Capital<\/strong>,\u00a0<strong>25 Tabay<\/strong>,\u00a0<strong>20 Goya<\/strong>, 7 Lavalle, 6 Ca\u00e1 Cat\u00ed, 5 Santa Luc\u00eda, 5 Virasoro, 4 Santo Tom\u00e9, 4 San Miguel, 4 Saladas, 4 Colonia Pando, 3 Sauce, 3 San Roque, 2 Santa Rosa, 2 Cruz de los Milagros, 2 Concepci\u00f3n, 1 Gobernador Mart\u00ednez, <strong><span style=\"color: #ff00ff;\">1 Esquina,<\/span><\/strong> 1 Colonia Liebig y\u00a01 Bella Vista.<\/p>\n<p><a class=\"fotos-desarrollo unlink\" title=\"Alarmante: Corrientes registr\u00f3 231 nuevos contagios de coronavirus\" href=\"https:\/\/www.radiosudamericana.com\/notix\/multimedia\/imagenes\/fotos\/2021-12-17\/724301.jpg\"><img decoding=\"async\" class=\"img-responsive\" src=\"https:\/\/www.radiosudamericana.com\/notix\/multimedia\/imagenes\/fotos\/2021-12-17\/724301.jpg_nota.jpg\" \/><\/a><\/p>\n<h3><strong>Hospital de Campa\u00f1a<\/strong><\/h3>\n<p>El Ministerio de Salud P\u00fablica inform\u00f3 el parte m\u00e9dico del Hospital de Campa\u00f1a \u201cEscuela Hogar\u201d, dando cuenta de\u00a0<strong>la recuperaci\u00f3n de 2 pacientes que recibieron el alta<\/strong>.<\/p>\n<p>El informe emitido desde la instituci\u00f3n detalle que a la fecha (17 de diciembre), se encuentran internados 44 pacientes.<\/p>\n<p>Hay 25 pacientes con diagn\u00f3stico de Covid-19 en Sala de Cl\u00ednica General. Todos se encuentran cl\u00ednicamente estables.<\/p>\n<p>En la Unidad de Terapia Intensiva (UTI) hay 19 pacientes con diagn\u00f3stico de Covid-19, 12 con asistencia respiratoria mec\u00e1nica. Todos con pron\u00f3stico reservado.<\/p>\n<p>En consultorios externos se realizaron 8 atenciones, acumul\u00e1ndose 35.179<\/p>\n<p>Fueron dados de alta 2 pacientes recuperados.<\/p>\n<p>Est\u00e1 ocupado el 4% de los respiradores.<\/p>\n<\/div>\n","protected":false},"excerpt":{"rendered":"<p>El informe epidemiol\u00f3gico de la provincia de Corrientes registr\u00f3 este viernes 231 nuevos casos positivos de Coronavirus, de los cuales 63 fueron contagios en la ciudad Capital y los 168 restantes en 20 localidades del interior provincial, al haberse analizado 3678 muestras en las \u00faltimas 24 horas. Esto actualiza\u00a0la cifra de casos activos en 919\u00a0y [&hellip;]<\/p>\n","protected":false},"author":3,"featured_media":51775,"comment_status":"open","ping_status":"open","sticky":false,"template":"","format":"standard","meta":{"footnotes":""},"categories":[6,11],"tags":[],"class_list":["post-51774","post","type-post","status-publish","format-standard","has-post-thumbnail","hentry","category-locales","category-sociedad"],"_links":{"self":[{"href":"http:\/\/informateesquina.com\/index.php?rest_route=\/wp\/v2\/posts\/51774","targetHints":{"allow":["GET"]}}],"collection":[{"href":"http:\/\/informateesquina.com\/index.php?rest_route=\/wp\/v2\/posts"}],"about":[{"href":"http:\/\/informateesquina.com\/index.php?rest_route=\/wp\/v2\/types\/post"}],"author":[{"embeddable":true,"href":"http:\/\/informateesquina.com\/index.php?rest_route=\/wp\/v2\/users\/3"}],"replies":[{"embeddable":true,"href":"http:\/\/informateesquina.com\/index.php?rest_route=%2Fwp%2Fv2%2Fcomments&post=51774"}],"version-history":[{"count":0,"href":"http:\/\/informateesquina.com\/index.php?rest_route=\/wp\/v2\/posts\/51774\/revisions"}],"wp:featuredmedia":[{"embeddable":true,"href":"http:\/\/informateesquina.com\/index.php?rest_route=\/wp\/v2\/media\/51775"}],"wp:attachment":[{"href":"http:\/\/informateesquina.com\/index.php?rest_route=%2Fwp%2Fv2%2Fmedia&parent=51774"}],"wp:term":[{"taxonomy":"category","embeddable":true,"href":"http:\/\/informateesquina.com\/index.php?rest_route=%2Fwp%2Fv2%2Fcategories&post=51774"},{"taxonomy":"post_tag","embeddable":true,"href":"http:\/\/informateesquina.com\/index.php?rest_route=%2Fwp%2Fv2%2Ftags&post=51774"}],"curies":[{"name":"wp","href":"https:\/\/api.w.org\/{rel}","templated":true}]}}