{"id":51789,"date":"2021-12-21T19:27:47","date_gmt":"2021-12-21T22:27:47","guid":{"rendered":"https:\/\/informateesquina.com\/?p=51789"},"modified":"2021-12-21T19:27:47","modified_gmt":"2021-12-21T22:27:47","slug":"corrientes-sumo-dos-muertos-y-registro-234-nuevos-casos-de-covid","status":"publish","type":"post","link":"http:\/\/informateesquina.com\/?p=51789","title":{"rendered":"Corrientes sum\u00f3 dos muertos y registr\u00f3 234 nuevos casos de Covid"},"content":{"rendered":"<div>\n<p>El informe epidemiol\u00f3gico de la provincia de Corrientes registr\u00f3 este martes 234 nuevos casos positivos de Coronavirus, de los cuales 87 fueron contagios en la ciudad Capital y los 147 restantes en 28 localidades del interior provincial, al haberse analizado 3215 muestras en las \u00faltimas 24 horas.<\/p>\n<p>Esto actualiza la cifra de casos activos en 1228 y los acumulados en 116.776 en todo el territorio provincial al 21 de diciembre de 2021, con 1.498.514 testeos realizados desde que inici\u00f3 la pandemia y 113.949 recuperados.<\/p>\n<p>Mientras que son 1599 los fallecidos acumulados y 35 los actuales internados en el Hospital de Campa\u00f1a, con resultado positivo para Covid-19, estando ocupado el 2,33% de los respiradores y donde adem\u00e1s durante la \u00faltima jornada, 1 paciente egres\u00f3 con alta m\u00e9dica y 2 fallecieron.<\/p>\n<\/div>\n<div class=\"fotos-y-videos\">\n<div class=\"tab-content\">\n<div id=\"fotos\" class=\"tab-pane fade in active\" role=\"tabpanel\"><a class=\"fotos-desarrollo unlink\" title=\"Corrientes sum\u00f3 dos muertos y registr\u00f3 234 nuevos casos de Covid\" href=\"https:\/\/www.radiosudamericana.com\/notix\/multimedia\/imagenes\/fotos\/2021-12-21\/221984.jpg\"><img loading=\"lazy\" decoding=\"async\" class=\"img-responsive lazyload center-block\" src=\"https:\/\/www.radiosudamericana.com\/notix\/multimedia\/imagenes\/fotos\/2021-12-21\/221984.jpg_nota.jpg\" alt=\"Corrientes sum\u00f3 dos muertos y registr\u00f3 234 nuevos casos de Covid\" width=\"700\" height=\"466\" \/><\/a><\/div>\n<\/div>\n<\/div>\n<p>&nbsp;<\/p>\n<div class=\"cuerpo\">\n<p>&nbsp;<\/p>\n<p>Los nuevos casos son: 87 de Capital, 35 Ituzaing\u00f3, 28 Goya, 16 Sauce, 8 Santa Luc\u00eda, 6 Esquina, 6 Santo Tom\u00e9, 4 Ca\u00e1 Cat\u00ed, 4 Saladas, 4 Colonia Pando, 3 Mercedes, 3 Lavalle, 3 Mburucuy\u00e1, 3 Tatacu\u00e1, 3 Santa Rosa, 2 Bella Vista, 2 San Roque, 2 Curuz\u00fa Cuati\u00e1, 2 Paso de los Libres, 2 San Miguel, 2 Carolina, 2 Gobernador Mart\u00ednez, 1 San Luis del Palmar, 1 Concepci\u00f3n, 1 Virasoro, 1 Mocoret\u00e1, 1 San Carlos, 1 Colonia Liebig y 1 Cruz de los Milagros.<\/p>\n<p><a class=\"fotos-desarrollo unlink\" title=\"Corrientes sum\u00f3 dos muertos y registr\u00f3 234 nuevos casos de Covid\" href=\"https:\/\/www.radiosudamericana.com\/notix\/multimedia\/imagenes\/fotos\/2021-12-21\/667142.jpg\"><img decoding=\"async\" class=\"img-responsive\" src=\"https:\/\/www.radiosudamericana.com\/notix\/multimedia\/imagenes\/fotos\/2021-12-21\/667142.jpg_nota.jpg\" \/><\/a><\/p>\n<p>Hospital de Campa\u00f1a<\/p>\n<p>El Ministerio de Salud P\u00fablica inform\u00f3 el parte m\u00e9dico del Hospital de Campa\u00f1a \u201cEscuela Hogar\u201d, dando cuenta de la recuperaci\u00f3n de 1 paciente que recibi\u00f3 el alta, mientras que fallecieron 2 personas con resultado positivo para Covid-19.<\/p>\n<p>El informe emitido desde la instituci\u00f3n detalle que a la fecha (21 de diciembre), se encuentran internados 35 pacientes.<\/p>\n<p>Hay 20 pacientes con diagn\u00f3stico de Covid-19 en Sala de Cl\u00ednica General. Todos se encuentran cl\u00ednicamente estables.<\/p>\n<p>En la Unidad de Terapia Intensiva (UTI) hay 15 pacientes con diagn\u00f3stico de Covid-19, 8 con asistencia respiratoria mec\u00e1nica. Todos con pron\u00f3stico reservado.<\/p>\n<p>En consultorios externos se realizaron 9 atenciones, acumul\u00e1ndose 35.214.<\/p>\n<p>Fue dado de alta 1 paciente recuperado.<\/p>\n<p>En cuanto a los fallecidos con resultado positivo para Covid-19 de la fecha, se trata de un hombre de 88 a\u00f1os de Saladas con antecedentes de hipertensi\u00f3n, EPOC y Parkinson. Y una mujer de 55 a\u00f1os de Perugorr\u00eda con antecedentes de hipertensi\u00f3n, diabetes, insuficiencia renal cr\u00f3nica y accidente cerebro vascular.<\/p>\n<p>Est\u00e1 ocupado el 2,33 % de los respiradores.<\/p>\n<\/div>\n","protected":false},"excerpt":{"rendered":"<p>El informe epidemiol\u00f3gico de la provincia de Corrientes registr\u00f3 este martes 234 nuevos casos positivos de Coronavirus, de los cuales 87 fueron contagios en la ciudad Capital y los 147 restantes en 28 localidades del interior provincial, al haberse analizado 3215 muestras en las \u00faltimas 24 horas. Esto actualiza la cifra de casos activos en [&hellip;]<\/p>\n","protected":false},"author":3,"featured_media":51790,"comment_status":"open","ping_status":"open","sticky":false,"template":"","format":"standard","meta":{"footnotes":""},"categories":[6,10,11],"tags":[136],"class_list":["post-51789","post","type-post","status-publish","format-standard","has-post-thumbnail","hentry","category-locales","category-provinciales","category-sociedad","tag-destacados"],"_links":{"self":[{"href":"http:\/\/informateesquina.com\/index.php?rest_route=\/wp\/v2\/posts\/51789","targetHints":{"allow":["GET"]}}],"collection":[{"href":"http:\/\/informateesquina.com\/index.php?rest_route=\/wp\/v2\/posts"}],"about":[{"href":"http:\/\/informateesquina.com\/index.php?rest_route=\/wp\/v2\/types\/post"}],"author":[{"embeddable":true,"href":"http:\/\/informateesquina.com\/index.php?rest_route=\/wp\/v2\/users\/3"}],"replies":[{"embeddable":true,"href":"http:\/\/informateesquina.com\/index.php?rest_route=%2Fwp%2Fv2%2Fcomments&post=51789"}],"version-history":[{"count":0,"href":"http:\/\/informateesquina.com\/index.php?rest_route=\/wp\/v2\/posts\/51789\/revisions"}],"wp:featuredmedia":[{"embeddable":true,"href":"http:\/\/informateesquina.com\/index.php?rest_route=\/wp\/v2\/media\/51790"}],"wp:attachment":[{"href":"http:\/\/informateesquina.com\/index.php?rest_route=%2Fwp%2Fv2%2Fmedia&parent=51789"}],"wp:term":[{"taxonomy":"category","embeddable":true,"href":"http:\/\/informateesquina.com\/index.php?rest_route=%2Fwp%2Fv2%2Fcategories&post=51789"},{"taxonomy":"post_tag","embeddable":true,"href":"http:\/\/informateesquina.com\/index.php?rest_route=%2Fwp%2Fv2%2Ftags&post=51789"}],"curies":[{"name":"wp","href":"https:\/\/api.w.org\/{rel}","templated":true}]}}