{"id":51794,"date":"2021-12-21T19:42:43","date_gmt":"2021-12-21T22:42:43","guid":{"rendered":"https:\/\/informateesquina.com\/?p=51794"},"modified":"2021-12-21T19:42:43","modified_gmt":"2021-12-21T22:42:43","slug":"accidente-en-cercanias-a-bompland","status":"publish","type":"post","link":"http:\/\/informateesquina.com\/?p=51794","title":{"rendered":"Accidente en cercan\u00edas a Bompland"},"content":{"rendered":"<div class=\"\" data-block=\"true\" data-editor=\"m33h\" data-offset-key=\"7qos4-0-0\">\n<div data-offset-key=\"7qos4-0-0\">El mismo tuvo lugar sobre Ruta Nacional Nro 14 Km 461, se trata de un camion scania, conducido por un hombre de apellido Escobar -27-, el otro rodado tambien marca Scania, conducido por un hombre de apellido Mendez-42-, a quien acompa\u00f1aban una mujer de apellido Figueroa-40-, y un menor de 6 a\u00f1os.<\/div>\n<\/div>\n<div class=\"\" data-block=\"true\" data-editor=\"m33h\" data-offset-key=\"e06fh-0-0\">\n<div class=\"_1mf _1mj\" data-offset-key=\"e06fh-0-0\"><span data-offset-key=\"e06fh-0-0\"> A consecuencia del mismo la Sra Figueroa y el menor de 6 a\u00f1os, fueron trasladados al hospital San Jos\u00e9, donde luego de ser examinados les diagnosticaron lesiones de consideraci\u00f3n, en la citada Comisaria se llevan a cabo las diligencias al respecto.<\/span><\/div>\n<\/div>\n<div data-offset-key=\"e06fh-0-0\"><img loading=\"lazy\" decoding=\"async\" class=\"alignnone wp-image-51795 size-full\" src=\"https:\/\/informateesquina.com\/wp-content\/uploads\/2021\/12\/269741110_4756681344370384_4065627376828951137_n.jpg\" alt=\"\" width=\"1280\" height=\"720\" srcset=\"http:\/\/informateesquina.com\/wp-content\/uploads\/2021\/12\/269741110_4756681344370384_4065627376828951137_n.jpg 1280w, http:\/\/informateesquina.com\/wp-content\/uploads\/2021\/12\/269741110_4756681344370384_4065627376828951137_n-300x169.jpg 300w, http:\/\/informateesquina.com\/wp-content\/uploads\/2021\/12\/269741110_4756681344370384_4065627376828951137_n-1024x576.jpg 1024w, http:\/\/informateesquina.com\/wp-content\/uploads\/2021\/12\/269741110_4756681344370384_4065627376828951137_n-768x432.jpg 768w, http:\/\/informateesquina.com\/wp-content\/uploads\/2021\/12\/269741110_4756681344370384_4065627376828951137_n-750x422.jpg 750w, http:\/\/informateesquina.com\/wp-content\/uploads\/2021\/12\/269741110_4756681344370384_4065627376828951137_n-1140x641.jpg 1140w\" sizes=\"auto, (max-width: 1280px) 100vw, 1280px\" \/> <img loading=\"lazy\" decoding=\"async\" class=\"alignnone wp-image-51796 size-full\" src=\"https:\/\/informateesquina.com\/wp-content\/uploads\/2021\/12\/269741147_4756681517703700_2260120842398055272_n.jpg\" alt=\"\" width=\"1280\" height=\"720\" srcset=\"http:\/\/informateesquina.com\/wp-content\/uploads\/2021\/12\/269741147_4756681517703700_2260120842398055272_n.jpg 1280w, http:\/\/informateesquina.com\/wp-content\/uploads\/2021\/12\/269741147_4756681517703700_2260120842398055272_n-300x169.jpg 300w, http:\/\/informateesquina.com\/wp-content\/uploads\/2021\/12\/269741147_4756681517703700_2260120842398055272_n-1024x576.jpg 1024w, http:\/\/informateesquina.com\/wp-content\/uploads\/2021\/12\/269741147_4756681517703700_2260120842398055272_n-768x432.jpg 768w, http:\/\/informateesquina.com\/wp-content\/uploads\/2021\/12\/269741147_4756681517703700_2260120842398055272_n-750x422.jpg 750w, http:\/\/informateesquina.com\/wp-content\/uploads\/2021\/12\/269741147_4756681517703700_2260120842398055272_n-1140x641.jpg 1140w\" sizes=\"auto, (max-width: 1280px) 100vw, 1280px\" \/><\/div>\n","protected":false},"excerpt":{"rendered":"<p>El mismo tuvo lugar sobre Ruta Nacional Nro 14 Km 461, se trata de un camion scania, conducido por un hombre de apellido Escobar -27-, el otro rodado tambien marca Scania, conducido por un hombre de apellido Mendez-42-, a quien acompa\u00f1aban una mujer de apellido Figueroa-40-, y un menor de 6 a\u00f1os. A consecuencia del [&hellip;]<\/p>\n","protected":false},"author":3,"featured_media":51797,"comment_status":"open","ping_status":"open","sticky":false,"template":"","format":"standard","meta":{"footnotes":""},"categories":[8,11],"tags":[],"class_list":["post-51794","post","type-post","status-publish","format-standard","has-post-thumbnail","hentry","category-policiales","category-sociedad"],"_links":{"self":[{"href":"http:\/\/informateesquina.com\/index.php?rest_route=\/wp\/v2\/posts\/51794","targetHints":{"allow":["GET"]}}],"collection":[{"href":"http:\/\/informateesquina.com\/index.php?rest_route=\/wp\/v2\/posts"}],"about":[{"href":"http:\/\/informateesquina.com\/index.php?rest_route=\/wp\/v2\/types\/post"}],"author":[{"embeddable":true,"href":"http:\/\/informateesquina.com\/index.php?rest_route=\/wp\/v2\/users\/3"}],"replies":[{"embeddable":true,"href":"http:\/\/informateesquina.com\/index.php?rest_route=%2Fwp%2Fv2%2Fcomments&post=51794"}],"version-history":[{"count":0,"href":"http:\/\/informateesquina.com\/index.php?rest_route=\/wp\/v2\/posts\/51794\/revisions"}],"wp:featuredmedia":[{"embeddable":true,"href":"http:\/\/informateesquina.com\/index.php?rest_route=\/wp\/v2\/media\/51797"}],"wp:attachment":[{"href":"http:\/\/informateesquina.com\/index.php?rest_route=%2Fwp%2Fv2%2Fmedia&parent=51794"}],"wp:term":[{"taxonomy":"category","embeddable":true,"href":"http:\/\/informateesquina.com\/index.php?rest_route=%2Fwp%2Fv2%2Fcategories&post=51794"},{"taxonomy":"post_tag","embeddable":true,"href":"http:\/\/informateesquina.com\/index.php?rest_route=%2Fwp%2Fv2%2Ftags&post=51794"}],"curies":[{"name":"wp","href":"https:\/\/api.w.org\/{rel}","templated":true}]}}