{"id":51799,"date":"2021-12-21T20:17:39","date_gmt":"2021-12-21T23:17:39","guid":{"rendered":"https:\/\/informateesquina.com\/?p=51799"},"modified":"2021-12-21T20:17:53","modified_gmt":"2021-12-21T23:17:53","slug":"murio-un-nino-de-2-anos-tras-despiste-y-vuelco-de-un-auto","status":"publish","type":"post","link":"http:\/\/informateesquina.com\/?p=51799","title":{"rendered":"Muri\u00f3 un ni\u00f1o de 2 a\u00f1os tras despiste y vuelco de un auto"},"content":{"rendered":"<div>\n<p class=\"copete\">\n<\/div>\n<div class=\"fotos-y-videos\">\n<div class=\"tab-content\">\n<div id=\"fotos\" class=\"tab-pane fade in active\" role=\"tabpanel\"><a class=\"fotos-desarrollo unlink\" title=\"Muri\u00f3 un ni\u00f1o de 2 a\u00f1os tras despiste y vuelco de un auto\" href=\"https:\/\/www.radiosudamericana.com\/notix\/multimedia\/imagenes\/fotos\/2021-12-21\/503743.png\"><img loading=\"lazy\" decoding=\"async\" class=\"img-responsive lazyload center-block\" src=\"https:\/\/www.radiosudamericana.com\/notix\/multimedia\/imagenes\/fotos\/2021-12-21\/503743.png_nota.png\" alt=\"Muri\u00f3 un ni\u00f1o de 2 a\u00f1os tras despiste y vuelco de un auto\" width=\"700\" height=\"466\" \/><\/a><\/div>\n<\/div>\n<\/div>\n<p>&nbsp;<\/p>\n<div class=\"audios-desarrollo\">\n<div id=\"audio-1\"><\/div>\n<\/div>\n<div class=\"cuerpo\">\n<p>Este lunes, se produjo el despiste y vuelco de un autom\u00f3vil, que termin\u00f3 en consecuencia fatal en la localidad de La Cruz. Por Ruta Provincial 145, un Chevrolet Aveo despist\u00f3 y volc\u00f3.<\/p>\n<p>En el auto se desplazaban un hombre mayor de edad, una mujer de 18 a\u00f1os y ni\u00f1o de dos a\u00f1os de edad. Todos los ocupantes del autom\u00f3vil resultaron con lesiones de consideraci\u00f3n y fueron llevados al Hospital de Santo Tom\u00e9, el chico de dos a\u00f1os era derivado al Hospital Pedi\u00e1trico Juan Pablo II de Capital, pero muri\u00f3 en el camino a Corrientes.<\/p>\n<\/div>\n","protected":false},"excerpt":{"rendered":"<p>&nbsp; Este lunes, se produjo el despiste y vuelco de un autom\u00f3vil, que termin\u00f3 en consecuencia fatal en la localidad de La Cruz. Por Ruta Provincial 145, un Chevrolet Aveo despist\u00f3 y volc\u00f3. En el auto se desplazaban un hombre mayor de edad, una mujer de 18 a\u00f1os y ni\u00f1o de dos a\u00f1os de edad. [&hellip;]<\/p>\n","protected":false},"author":3,"featured_media":51800,"comment_status":"open","ping_status":"open","sticky":false,"template":"","format":"standard","meta":{"footnotes":""},"categories":[10,11],"tags":[],"class_list":["post-51799","post","type-post","status-publish","format-standard","has-post-thumbnail","hentry","category-provinciales","category-sociedad"],"_links":{"self":[{"href":"http:\/\/informateesquina.com\/index.php?rest_route=\/wp\/v2\/posts\/51799","targetHints":{"allow":["GET"]}}],"collection":[{"href":"http:\/\/informateesquina.com\/index.php?rest_route=\/wp\/v2\/posts"}],"about":[{"href":"http:\/\/informateesquina.com\/index.php?rest_route=\/wp\/v2\/types\/post"}],"author":[{"embeddable":true,"href":"http:\/\/informateesquina.com\/index.php?rest_route=\/wp\/v2\/users\/3"}],"replies":[{"embeddable":true,"href":"http:\/\/informateesquina.com\/index.php?rest_route=%2Fwp%2Fv2%2Fcomments&post=51799"}],"version-history":[{"count":0,"href":"http:\/\/informateesquina.com\/index.php?rest_route=\/wp\/v2\/posts\/51799\/revisions"}],"wp:featuredmedia":[{"embeddable":true,"href":"http:\/\/informateesquina.com\/index.php?rest_route=\/wp\/v2\/media\/51800"}],"wp:attachment":[{"href":"http:\/\/informateesquina.com\/index.php?rest_route=%2Fwp%2Fv2%2Fmedia&parent=51799"}],"wp:term":[{"taxonomy":"category","embeddable":true,"href":"http:\/\/informateesquina.com\/index.php?rest_route=%2Fwp%2Fv2%2Fcategories&post=51799"},{"taxonomy":"post_tag","embeddable":true,"href":"http:\/\/informateesquina.com\/index.php?rest_route=%2Fwp%2Fv2%2Ftags&post=51799"}],"curies":[{"name":"wp","href":"https:\/\/api.w.org\/{rel}","templated":true}]}}