{"id":51811,"date":"2021-12-22T21:08:12","date_gmt":"2021-12-23T00:08:12","guid":{"rendered":"https:\/\/informateesquina.com\/?p=51811"},"modified":"2021-12-22T21:08:12","modified_gmt":"2021-12-23T00:08:12","slug":"el-senado-provincial-aprobo-la-ley-del-presupuesto-para-el-ano-2022","status":"publish","type":"post","link":"http:\/\/informateesquina.com\/?p=51811","title":{"rendered":"El Senado Provincial aprob\u00f3 la ley del presupuesto para el a\u00f1o 2022"},"content":{"rendered":"<div>Luego de un amplio debate con participaci\u00f3n de las bancadas, el alto Cuerpo aprob\u00f3 por amplia mayor\u00eda la Cuenta General de Inversi\u00f3n del Ejercicio 2020.<\/div>\n<div class=\"cuerpo\">\n<p>En la sesi\u00f3n, fue aprobado asimismo el proyecto enviado por la Honorable C\u00e1mara de Diputados para revisi\u00f3n, por el que se declaran de utilidad p\u00fablica y sujetos a expropiaci\u00f3n inmuebles del Departamento Capital de la Provincia de Corrientes, ubicados en el Paraje Lomas &#8211; Cuarta Secci\u00f3n Rural &#8211; Parque Vasallo.<\/p>\n<p>El vicegobernador celebr\u00f3 la aprobaci\u00f3n del Presupuesto 2022 y las Cuentas de inversi\u00f3n 2020 &#8220;que permitir\u00e1 a la provincia tener una previsi\u00f3n de gastos y orden fiscal para el pr\u00f3ximo a\u00f1o&#8221;, afirm\u00f3 al finalizar la sesi\u00f3n.<\/p>\n<p>De esta manera, se dio tratamiento al temario enviado por el Poder Ejecutivo Provincial, en el per\u00edodo extraordinario de sesiones.<\/p>\n<\/div>\n","protected":false},"excerpt":{"rendered":"<p>Luego de un amplio debate con participaci\u00f3n de las bancadas, el alto Cuerpo aprob\u00f3 por amplia mayor\u00eda la Cuenta General de Inversi\u00f3n del Ejercicio 2020. En la sesi\u00f3n, fue aprobado asimismo el proyecto enviado por la Honorable C\u00e1mara de Diputados para revisi\u00f3n, por el que se declaran de utilidad p\u00fablica y sujetos a expropiaci\u00f3n inmuebles [&hellip;]<\/p>\n","protected":false},"author":3,"featured_media":51812,"comment_status":"open","ping_status":"open","sticky":false,"template":"","format":"standard","meta":{"footnotes":""},"categories":[9,11],"tags":[],"class_list":["post-51811","post","type-post","status-publish","format-standard","has-post-thumbnail","hentry","category-politica","category-sociedad"],"_links":{"self":[{"href":"http:\/\/informateesquina.com\/index.php?rest_route=\/wp\/v2\/posts\/51811","targetHints":{"allow":["GET"]}}],"collection":[{"href":"http:\/\/informateesquina.com\/index.php?rest_route=\/wp\/v2\/posts"}],"about":[{"href":"http:\/\/informateesquina.com\/index.php?rest_route=\/wp\/v2\/types\/post"}],"author":[{"embeddable":true,"href":"http:\/\/informateesquina.com\/index.php?rest_route=\/wp\/v2\/users\/3"}],"replies":[{"embeddable":true,"href":"http:\/\/informateesquina.com\/index.php?rest_route=%2Fwp%2Fv2%2Fcomments&post=51811"}],"version-history":[{"count":0,"href":"http:\/\/informateesquina.com\/index.php?rest_route=\/wp\/v2\/posts\/51811\/revisions"}],"wp:featuredmedia":[{"embeddable":true,"href":"http:\/\/informateesquina.com\/index.php?rest_route=\/wp\/v2\/media\/51812"}],"wp:attachment":[{"href":"http:\/\/informateesquina.com\/index.php?rest_route=%2Fwp%2Fv2%2Fmedia&parent=51811"}],"wp:term":[{"taxonomy":"category","embeddable":true,"href":"http:\/\/informateesquina.com\/index.php?rest_route=%2Fwp%2Fv2%2Fcategories&post=51811"},{"taxonomy":"post_tag","embeddable":true,"href":"http:\/\/informateesquina.com\/index.php?rest_route=%2Fwp%2Fv2%2Ftags&post=51811"}],"curies":[{"name":"wp","href":"https:\/\/api.w.org\/{rel}","templated":true}]}}