{"id":51814,"date":"2021-12-22T21:10:21","date_gmt":"2021-12-23T00:10:21","guid":{"rendered":"https:\/\/informateesquina.com\/?p=51814"},"modified":"2021-12-22T21:10:21","modified_gmt":"2021-12-23T00:10:21","slug":"corrientes-vestidos-de-policias-y-a-los-tiros-intentaron-robar-una-camioneta","status":"publish","type":"post","link":"http:\/\/informateesquina.com\/?p=51814","title":{"rendered":"Corrientes: vestidos de polic\u00edas y a los tiros intentaron robar una camioneta"},"content":{"rendered":"<div>\n<p class=\"copete\">El hecho ocurri\u00f3 cuando dos hombres vestidos de polic\u00edas interceptaron al conductor de una camioneta Toyota Hilux color bord\u00f3, sobre avenida Pedro Ferr\u00e9 cerca de las 5 de la madrugada de este mi\u00e9rcoles, con la intenci\u00f3n de robar el veh\u00edculo.<\/p>\n<\/div>\n<div class=\"cuerpo\">\n<p>&nbsp;<\/p>\n<p><a class=\"fotos-desarrollo unlink\" title=\"Vestidos de polic\u00edas y a los tiros intentaron robar una camioneta \" href=\"https:\/\/www.radiosudamericana.com\/notix\/multimedia\/imagenes\/fotos\/2021-12-22\/171590.jpg\"><img decoding=\"async\" class=\"img-responsive\" src=\"https:\/\/www.radiosudamericana.com\/notix\/multimedia\/imagenes\/fotos\/2021-12-22\/171590.jpg_nota.jpg\" \/><\/a><\/p>\n<p>&nbsp;<\/p>\n<div id=\"embeds\" class=\"inser center-block\"><iframe loading=\"lazy\" title=\"YouTube video player\" src=\"https:\/\/www.youtube.com\/embed\/B8Htevl8DuU\" width=\"640\" height=\"400\" frameborder=\"0\" allowfullscreen=\"allowfullscreen\" data-mce-fragment=\"1\"><\/iframe><\/div>\n<p>&nbsp;<\/p>\n<p>Los delicuentes se metieron dentro del rodado amenazando con armas de fuego y comenz\u00f3 el forcejeo. De acuerdo a los testimonios, los supuestos polic\u00edas redujeron al conductor del rodado de apellido Chaparro (36) y terminaron chocando sobre calle Roca.<\/p>\n<p><strong>Seg\u00fan se inform\u00f3, el siniestro se habr\u00eda dado porque los ladrones no sab\u00edan manejar con caja autom\u00e1tica.\u00a0<\/strong><\/p>\n<p><a class=\"fotos-desarrollo unlink\" title=\"Vestidos de polic\u00edas y a los tiros intentaron robar una camioneta \" href=\"https:\/\/www.radiosudamericana.com\/notix\/multimedia\/imagenes\/fotos\/2021-12-22\/196771.jpg\"><img decoding=\"async\" class=\"img-responsive\" src=\"https:\/\/www.radiosudamericana.com\/notix\/multimedia\/imagenes\/fotos\/2021-12-22\/196771.jpg_nota.jpg\" \/><\/a><\/p>\n<p>Por el lugar pasaba un m\u00f3vil de Tr\u00e1nsito, que al acercarse al accidente, observ\u00f3\u00a0que del rodado sal\u00edan discutiendo tres hombres; dos vestidos de polic\u00edas y uno de civil.\u00a0Los supuestos\u00a0 &#8220;uniformados&#8221; advirtieron su posici\u00f3n de polic\u00edas y comenzaron a disparar contra los agentes de Tr\u00e1nsito d\u00e1ndose a la fuga hacia el barrio Colombia Granaderos.<\/p>\n<p><a class=\"fotos-desarrollo unlink\" title=\"Vestidos de polic\u00edas y a los tiros intentaron robar una camioneta \" href=\"https:\/\/www.radiosudamericana.com\/notix\/multimedia\/imagenes\/fotos\/2021-12-22\/771420.jpg\"><img decoding=\"async\" class=\"img-responsive\" src=\"https:\/\/www.radiosudamericana.com\/notix\/multimedia\/imagenes\/fotos\/2021-12-22\/771420.jpg_nota.jpg\" \/><\/a><\/p>\n<p>&nbsp;<\/p>\n<div class=\"audios-desarrollo encuerpo\">\n<div id=\"wvideo0\" class=\"jwplayer playlist-none jw-user-inactive\" tabindex=\"0\">\n<div id=\"wvideo0_caption\" class=\"jwcaptions\"><\/div>\n<div id=\"wvideo0_display\" class=\"jwdisplay\">\n<div class=\"jwpreview jwexactfit\"><\/div>\n<div id=\"wvideo0_display_button\" class=\"jwdisplayIcon\">\n<div id=\"wvideo0_display_button_play\" class=\"jwicon\"><\/div>\n<\/div>\n<\/div>\n<div id=\"wvideo0_jwpsrv\">\n<div class=\"afs_ads\"><\/div>\n<\/div>\n<\/div>\n<\/div>\n<p>&nbsp;<\/p>\n<p>Afortunadamente no se tuvo que lamentar v\u00edctimas fatales, ni heridos.\u00a0En el lugar trabajaron peritos\u00a0de la Polic\u00eda de Corrientes para determinar si las vainas de los proyectiles pertenecen o no a personal de la Polic\u00eda provincial.<\/p>\n<p><a class=\"fotos-desarrollo unlink\" title=\"Vestidos de polic\u00edas y a los tiros intentaron robar una camioneta \" href=\"https:\/\/www.radiosudamericana.com\/notix\/multimedia\/imagenes\/fotos\/2021-12-22\/260809.jpg\"><img decoding=\"async\" class=\"img-responsive\" src=\"https:\/\/www.radiosudamericana.com\/notix\/multimedia\/imagenes\/fotos\/2021-12-22\/260809.jpg_nota.jpg\" \/><\/a><\/p>\n<p><a class=\"fotos-desarrollo unlink\" title=\"Vestidos de polic\u00edas y a los tiros intentaron robar una camioneta \" href=\"https:\/\/www.radiosudamericana.com\/notix\/multimedia\/imagenes\/fotos\/2021-12-22\/233949.jpg\"><img decoding=\"async\" class=\"img-responsive\" src=\"https:\/\/www.radiosudamericana.com\/notix\/multimedia\/imagenes\/fotos\/2021-12-22\/233949.jpg_nota.jpg\" \/><\/a><\/p>\n<\/div>\n","protected":false},"excerpt":{"rendered":"<p>El hecho ocurri\u00f3 cuando dos hombres vestidos de polic\u00edas interceptaron al conductor de una camioneta Toyota Hilux color bord\u00f3, sobre avenida Pedro Ferr\u00e9 cerca de las 5 de la madrugada de este mi\u00e9rcoles, con la intenci\u00f3n de robar el veh\u00edculo. &nbsp; &nbsp; &nbsp; Los delicuentes se metieron dentro del rodado amenazando con armas de fuego [&hellip;]<\/p>\n","protected":false},"author":3,"featured_media":51815,"comment_status":"open","ping_status":"open","sticky":false,"template":"","format":"standard","meta":{"footnotes":""},"categories":[8,11],"tags":[],"class_list":["post-51814","post","type-post","status-publish","format-standard","has-post-thumbnail","hentry","category-policiales","category-sociedad"],"_links":{"self":[{"href":"http:\/\/informateesquina.com\/index.php?rest_route=\/wp\/v2\/posts\/51814","targetHints":{"allow":["GET"]}}],"collection":[{"href":"http:\/\/informateesquina.com\/index.php?rest_route=\/wp\/v2\/posts"}],"about":[{"href":"http:\/\/informateesquina.com\/index.php?rest_route=\/wp\/v2\/types\/post"}],"author":[{"embeddable":true,"href":"http:\/\/informateesquina.com\/index.php?rest_route=\/wp\/v2\/users\/3"}],"replies":[{"embeddable":true,"href":"http:\/\/informateesquina.com\/index.php?rest_route=%2Fwp%2Fv2%2Fcomments&post=51814"}],"version-history":[{"count":0,"href":"http:\/\/informateesquina.com\/index.php?rest_route=\/wp\/v2\/posts\/51814\/revisions"}],"wp:featuredmedia":[{"embeddable":true,"href":"http:\/\/informateesquina.com\/index.php?rest_route=\/wp\/v2\/media\/51815"}],"wp:attachment":[{"href":"http:\/\/informateesquina.com\/index.php?rest_route=%2Fwp%2Fv2%2Fmedia&parent=51814"}],"wp:term":[{"taxonomy":"category","embeddable":true,"href":"http:\/\/informateesquina.com\/index.php?rest_route=%2Fwp%2Fv2%2Fcategories&post=51814"},{"taxonomy":"post_tag","embeddable":true,"href":"http:\/\/informateesquina.com\/index.php?rest_route=%2Fwp%2Fv2%2Ftags&post=51814"}],"curies":[{"name":"wp","href":"https:\/\/api.w.org\/{rel}","templated":true}]}}