{"id":51820,"date":"2021-12-22T21:15:54","date_gmt":"2021-12-23T00:15:54","guid":{"rendered":"https:\/\/informateesquina.com\/?p=51820"},"modified":"2021-12-22T21:15:54","modified_gmt":"2021-12-23T00:15:54","slug":"corrientes-definen-fecha-de-feria-administrativa-para-provinciales","status":"publish","type":"post","link":"http:\/\/informateesquina.com\/?p=51820","title":{"rendered":"Corrientes: Definen fecha de feria administrativa para provinciales"},"content":{"rendered":"<div>\n<p class=\"copete\">Gustavo Vald\u00e9s, gobernador de Corrientes, anunci\u00f3 a trav\u00e9s de sus redes sociales las fechas de inicio de la feria administrativa para empleados de la provincia de Corrientes.<\/p>\n<\/div>\n<div class=\"cuerpo\">\n<p>El per\u00edodo de receso de actividades ser\u00e1\u00a0<strong>desde el 3 hasta el 7 de enero de 2022<\/strong>. Incluir\u00e1 a empleados de la administraci\u00f3n p\u00fablica provincial central, organismos descentralizados y tambi\u00e9n, trabajadores de entes aut\u00e1rquicos de Corrientes.<\/p>\n<p><a class=\"fotos-desarrollo unlink\" title=\"Corrientes: Definen fecha de feria administrativa para provinciales\" href=\"https:\/\/www.radiosudamericana.com\/notix\/multimedia\/imagenes\/fotos\/2021-12-22\/293653.jpeg\"><img decoding=\"async\" class=\"img-responsive\" src=\"https:\/\/www.radiosudamericana.com\/notix\/multimedia\/imagenes\/fotos\/2021-12-22\/293653.jpeg_nota.jpeg\" \/><\/a><\/p>\n<p><a class=\"fotos-desarrollo unlink\" title=\"Corrientes: Definen fecha de feria administrativa para provinciales\" href=\"https:\/\/www.radiosudamericana.com\/notix\/multimedia\/imagenes\/fotos\/2021-12-22\/807585.jpeg\"><img decoding=\"async\" class=\"img-responsive\" src=\"https:\/\/www.radiosudamericana.com\/notix\/multimedia\/imagenes\/fotos\/2021-12-22\/807585.jpeg_nota.jpeg\" \/><br \/>\n<\/a><\/p>\n<\/div>\n","protected":false},"excerpt":{"rendered":"<p>Gustavo Vald\u00e9s, gobernador de Corrientes, anunci\u00f3 a trav\u00e9s de sus redes sociales las fechas de inicio de la feria administrativa para empleados de la provincia de Corrientes. El per\u00edodo de receso de actividades ser\u00e1\u00a0desde el 3 hasta el 7 de enero de 2022. Incluir\u00e1 a empleados de la administraci\u00f3n p\u00fablica provincial central, organismos descentralizados y [&hellip;]<\/p>\n","protected":false},"author":3,"featured_media":51821,"comment_status":"open","ping_status":"open","sticky":false,"template":"","format":"standard","meta":{"footnotes":""},"categories":[10,11],"tags":[],"class_list":["post-51820","post","type-post","status-publish","format-standard","has-post-thumbnail","hentry","category-provinciales","category-sociedad"],"_links":{"self":[{"href":"http:\/\/informateesquina.com\/index.php?rest_route=\/wp\/v2\/posts\/51820","targetHints":{"allow":["GET"]}}],"collection":[{"href":"http:\/\/informateesquina.com\/index.php?rest_route=\/wp\/v2\/posts"}],"about":[{"href":"http:\/\/informateesquina.com\/index.php?rest_route=\/wp\/v2\/types\/post"}],"author":[{"embeddable":true,"href":"http:\/\/informateesquina.com\/index.php?rest_route=\/wp\/v2\/users\/3"}],"replies":[{"embeddable":true,"href":"http:\/\/informateesquina.com\/index.php?rest_route=%2Fwp%2Fv2%2Fcomments&post=51820"}],"version-history":[{"count":0,"href":"http:\/\/informateesquina.com\/index.php?rest_route=\/wp\/v2\/posts\/51820\/revisions"}],"wp:featuredmedia":[{"embeddable":true,"href":"http:\/\/informateesquina.com\/index.php?rest_route=\/wp\/v2\/media\/51821"}],"wp:attachment":[{"href":"http:\/\/informateesquina.com\/index.php?rest_route=%2Fwp%2Fv2%2Fmedia&parent=51820"}],"wp:term":[{"taxonomy":"category","embeddable":true,"href":"http:\/\/informateesquina.com\/index.php?rest_route=%2Fwp%2Fv2%2Fcategories&post=51820"},{"taxonomy":"post_tag","embeddable":true,"href":"http:\/\/informateesquina.com\/index.php?rest_route=%2Fwp%2Fv2%2Ftags&post=51820"}],"curies":[{"name":"wp","href":"https:\/\/api.w.org\/{rel}","templated":true}]}}