{"id":51823,"date":"2021-12-22T21:18:05","date_gmt":"2021-12-23T00:18:05","guid":{"rendered":"https:\/\/informateesquina.com\/?p=51823"},"modified":"2021-12-22T21:18:05","modified_gmt":"2021-12-23T00:18:05","slug":"requisitos-para-ingresar-a-brasil-paraguay-y-argentina","status":"publish","type":"post","link":"http:\/\/informateesquina.com\/?p=51823","title":{"rendered":"Requisitos para ingresar a Brasil, Paraguay y Argentina"},"content":{"rendered":"<p><span class=\"cuerpo\"><br \/>\n<strong>REQUISITOS PARA INGRESA A LA ARGENTINA<\/strong><\/p>\n<p>El que vuelve del exterior: \u201cDebe tener el Esquema completo de vacunaci\u00f3n, con PCR negativo de 72 hs de antelaci\u00f3n, y la declaraci\u00f3n jurada que est\u00e1 en la p\u00e1gina de Migraciones&#8221; detall\u00f3 Laprovitta.<\/p>\n<p>Si es extranjero el que ingresa a la Argentina, a todo esto se le suma un \u201cseguro Covid\u201d.<\/p>\n<p><strong>REQUISITOS PARA INGRESAR A BRASIL<\/strong>: &#8220;Corrientes tiene dos pasos habilitados para ir a Brasil, el de Paso de los Libres y el de Santo Tom\u00e9\u201d, explic\u00f3.<\/p>\n<p>\u201cPiden el esquema completo de vacunaci\u00f3n, es decir dos dosis, con una antelaci\u00f3n de no menos de 14 d\u00edas (todas las vacunas son aceptadas). A partir de los 12 a\u00f1os deben tener las dos dosis\u201d.<\/p>\n<p>\u201cSe elimin\u00f3 el PCR negativo, pero esta decisi\u00f3n se tom\u00f3 durante la ma\u00f1ana, a \u00faltima hora. Mi sugerencia es que se cercioren bien de cu\u00e1les son las condiciones sanitarias al momento de entrar a determinado pa\u00eds porque las exigencias pueden variar a medida que cambie la pandemia\u201d, explic\u00f3.<\/p>\n<p>Por el Paso de los Libres atiende 24 horas y no tiene cupo l\u00edmite de ingreso. Por el paso fronterizo de Santo Tom\u00e9 tiene un cupo de 870 personas por d\u00eda (consultar el horario habilitado) \u201d<\/p>\n<p><strong>REQUISITOS INGRESAR A PARAGUAY:<\/strong><\/p>\n<p>Por Clorinda- Puerto Falc\u00f3n: \u201cPiden PCR negativo con 72 horas de antelaci\u00f3n o ant\u00edgeno negativo con 24 horas de antelaci\u00f3n. Atienden las 7 a 22 horas y con un cupo de 1.000 personas por d\u00eda\u201d<\/p>\n<p>Posadas- Encarnaci\u00f3n: \u201cPiden \u00fanicamente el carnet de vacunaci\u00f3n, es decir las dos dosis. Atienden las 24 horas y con un cupo de 8.000 personas por d\u00eda\u201d.<\/span><\/p>\n","protected":false},"excerpt":{"rendered":"<p>REQUISITOS PARA INGRESA A LA ARGENTINA El que vuelve del exterior: \u201cDebe tener el Esquema completo de vacunaci\u00f3n, con PCR negativo de 72 hs de antelaci\u00f3n, y la declaraci\u00f3n jurada que est\u00e1 en la p\u00e1gina de Migraciones&#8221; detall\u00f3 Laprovitta. Si es extranjero el que ingresa a la Argentina, a todo esto se le suma un [&hellip;]<\/p>\n","protected":false},"author":3,"featured_media":51824,"comment_status":"open","ping_status":"open","sticky":false,"template":"","format":"standard","meta":{"footnotes":""},"categories":[10,11],"tags":[],"class_list":["post-51823","post","type-post","status-publish","format-standard","has-post-thumbnail","hentry","category-provinciales","category-sociedad"],"_links":{"self":[{"href":"http:\/\/informateesquina.com\/index.php?rest_route=\/wp\/v2\/posts\/51823","targetHints":{"allow":["GET"]}}],"collection":[{"href":"http:\/\/informateesquina.com\/index.php?rest_route=\/wp\/v2\/posts"}],"about":[{"href":"http:\/\/informateesquina.com\/index.php?rest_route=\/wp\/v2\/types\/post"}],"author":[{"embeddable":true,"href":"http:\/\/informateesquina.com\/index.php?rest_route=\/wp\/v2\/users\/3"}],"replies":[{"embeddable":true,"href":"http:\/\/informateesquina.com\/index.php?rest_route=%2Fwp%2Fv2%2Fcomments&post=51823"}],"version-history":[{"count":0,"href":"http:\/\/informateesquina.com\/index.php?rest_route=\/wp\/v2\/posts\/51823\/revisions"}],"wp:featuredmedia":[{"embeddable":true,"href":"http:\/\/informateesquina.com\/index.php?rest_route=\/wp\/v2\/media\/51824"}],"wp:attachment":[{"href":"http:\/\/informateesquina.com\/index.php?rest_route=%2Fwp%2Fv2%2Fmedia&parent=51823"}],"wp:term":[{"taxonomy":"category","embeddable":true,"href":"http:\/\/informateesquina.com\/index.php?rest_route=%2Fwp%2Fv2%2Fcategories&post=51823"},{"taxonomy":"post_tag","embeddable":true,"href":"http:\/\/informateesquina.com\/index.php?rest_route=%2Fwp%2Fv2%2Ftags&post=51823"}],"curies":[{"name":"wp","href":"https:\/\/api.w.org\/{rel}","templated":true}]}}