{"id":51826,"date":"2021-12-22T21:19:41","date_gmt":"2021-12-23T00:19:41","guid":{"rendered":"https:\/\/informateesquina.com\/?p=51826"},"modified":"2021-12-22T21:20:12","modified_gmt":"2021-12-23T00:20:12","slug":"chile-asumio-el-primer-perro-de-la-nacion-y-causa-furor-en-las-redes","status":"publish","type":"post","link":"http:\/\/informateesquina.com\/?p=51826","title":{"rendered":"Chile: Asumi\u00f3 el &#8220;primer perro de la Naci\u00f3n&#8221; y causa furor en las redes"},"content":{"rendered":"<p>Brownie, el perro de Gabriel Boric, presidente electo de Chile, revolucion\u00f3 las redes en ese pa\u00eds al presentarse oficialmente en sociedad como \u201cel Primer perro de la Rep\u00fablica de Chile\u201d, tras el hist\u00f3rico triunfo del dirigente de izquierda de 35 a\u00f1os el \u00faltimo domingo en la segunda vuelta electoral de ese pa\u00eds.<\/p>\n<div class=\"cuerpo\">\n<p><a class=\"fotos-desarrollo unlink\" title=\"Asumi\u00f3 el primer perro de la Naci\u00f3n y causa furor en las redes\" href=\"https:\/\/www.radiosudamericana.com\/notix\/multimedia\/imagenes\/fotos\/2021-12-22\/672743.jpg\"><img decoding=\"async\" class=\"img-responsive\" src=\"https:\/\/www.radiosudamericana.com\/notix\/multimedia\/imagenes\/fotos\/2021-12-22\/672743.jpg_nota.jpg\" \/><\/a><\/p>\n<p>\u201cAsumo el desaf\u00edo del cargo que se me ha encomendado por elecci\u00f3n popular, el Primer Perro. Me comprometo a no solo velar por los derechos y caricias que merecemos los perros, si no que por todas las mascotas de Chile. Guau! Primer Perro #AdoptaNoCompres\u201d, fue el mensaje que se posteo en la flamante cuenta de instagram de\u00a0Brownie Boric Font.<\/p>\n<p>Llamado a ser el\u00a0Dylan trasandino, como el Collie de Alberto Fern\u00e1ndez, que tiene sus propias redes que se manejan desde la Casa Rosada, pero con m\u00e1s coincidencias con\u00a0Balcarce, el\u00a0callejero\u00a0\u200bque supo mostrar Mauricio Macri\u00a0en su paso por el poder, ya que es adoptado, Brownie cosech\u00f3 m\u00e1s de 100 mil seguidores en redes en pocas horas.<\/p>\n<p>&nbsp;<\/p>\n<div id=\"embeds\" class=\"inser center-block\"><iframe id=\"instagram-embed-0\" class=\"instagram-media instagram-media-rendered\" src=\"https:\/\/www.instagram.com\/p\/CXwbuj9Li9S\/embed\/captioned\/?cr=1&amp;v=14&amp;wp=540&amp;rd=https%3A%2F%2Fwww.radiosudamericana.com&amp;rp=%2Fnota%2Fmundo%2F264262-Asumio-el-primer-perro-de-la-Nacion-y-causa-furor-en-las-redes.htm#%7B%22ci%22%3A0%2C%22os%22%3A1875.8999999761581%2C%22ls%22%3A1735.6000000238419%2C%22le%22%3A1765.800000011921%7D\" height=\"995\" frameborder=\"0\" scrolling=\"no\" allowfullscreen=\"allowfullscreen\" data-instgrm-payload-id=\"instagram-media-payload-0\" data-mce-fragment=\"1\"><\/iframe><\/div>\n<p>&nbsp;<\/p>\n<p><strong>Su v\u00ednculo con la familia Boric<\/strong><\/p>\n<p>La historia de Brownie con el nuevo presidente de Chile data de hace 6 a\u00f1os, cuando su hermano menor, Tom\u00e1s, buscaba junto a su pareja un perrito en adopci\u00f3n y a trav\u00e9s de Google lleg\u00f3 a un anuncio por una camada completa de cachorros.<\/p>\n<p><a class=\"fotos-desarrollo unlink\" title=\"Asumi\u00f3 el primer perro de la Naci\u00f3n y causa furor en las redes\" href=\"https:\/\/www.radiosudamericana.com\/notix\/multimedia\/imagenes\/fotos\/2021-12-22\/567355.jpg\"><img decoding=\"async\" class=\"img-responsive\" src=\"https:\/\/www.radiosudamericana.com\/notix\/multimedia\/imagenes\/fotos\/2021-12-22\/567355.jpg_nota.jpg\" \/><\/a><\/p>\n<p>En di\u00e1logo con medios chilenos, Tom\u00e1s cont\u00f3 que cuando llegaron a verlo, el peque\u00f1o Brownie ten\u00eda un problema en una de sus patas que lo hac\u00eda menos atractivo para el resto de las personas, pero que \u00e9l se decidi\u00f3 a llevarlo a casa.<\/p>\n<p>El menor de los Boric Font describi\u00f3 al perro quiltro (sin raza ni padres conocidos) como &#8220;simp\u00e1tico, gentil, no pelea con otros perros&#8221;. Tambi\u00e9n se\u00f1al\u00f3 que es obediente al pasear y siempre camina al lado del integrante de la familia que lo saca a la calle, aunque es m\u00e1s bien hogare\u00f1o.<\/p>\n<p><a class=\"fotos-desarrollo unlink\" title=\"Asumi\u00f3 el primer perro de la Naci\u00f3n y causa furor en las redes\" href=\"https:\/\/www.radiosudamericana.com\/notix\/multimedia\/imagenes\/fotos\/2021-12-22\/116938.jpg\"><img decoding=\"async\" class=\"img-responsive\" src=\"https:\/\/www.radiosudamericana.com\/notix\/multimedia\/imagenes\/fotos\/2021-12-22\/116938.jpg_nota.jpg\" \/><\/a><\/p>\n<p>Otro dato brindado por la familia es que Brownie est\u00e1 acostumbrado al fr\u00edo y duerme en una casa ubicada en el patio que est\u00e1 acondicionada para contrarrestar los embates del clima. Cuando hace demasiado fr\u00edo, pasa las noches al interior de la casa.<\/p>\n<p>Asimismo, trascendi\u00f3 que Brownie tiene un especial v\u00ednculo con la madre de quien ser\u00e1 la m\u00e1xima autoridad del pa\u00eds, ya que la acompa\u00f1a en sus labores en el jard\u00edn y que una vez mientras ella estaba desenterrando papas de su huerto, el nuevo &#8220;primer perro&#8221; de Chile comenz\u00f3 a hacer hoyos en la tierra para ayudarla.<\/p>\n<p>En cuanto a la elecci\u00f3n del nombre, el hermano del Presidente electo Gabriel Boric admiti\u00f3 que le puso ese nombre porque la familia disfruta de esa receta dulce.<\/p>\n<p><a class=\"fotos-desarrollo unlink\" title=\"Asumi\u00f3 el primer perro de la Naci\u00f3n y causa furor en las redes\" href=\"https:\/\/www.radiosudamericana.com\/notix\/multimedia\/imagenes\/fotos\/2021-12-22\/562018.jpg\"><img decoding=\"async\" class=\"img-responsive\" src=\"https:\/\/www.radiosudamericana.com\/notix\/multimedia\/imagenes\/fotos\/2021-12-22\/562018.jpg_nota.jpg\" \/><\/a><a class=\"fotos-desarrollo unlink\" title=\"Asumi\u00f3 el primer perro de la Naci\u00f3n y causa furor en las redes\" href=\"https:\/\/www.radiosudamericana.com\/notix\/multimedia\/imagenes\/fotos\/2021-12-22\/627068.jpg\"><img decoding=\"async\" class=\"img-responsive\" src=\"https:\/\/www.radiosudamericana.com\/notix\/multimedia\/imagenes\/fotos\/2021-12-22\/627068.jpg_nota.jpg\" \/><\/a><\/p>\n<\/div>\n","protected":false},"excerpt":{"rendered":"<p>Brownie, el perro de Gabriel Boric, presidente electo de Chile, revolucion\u00f3 las redes en ese pa\u00eds al presentarse oficialmente en sociedad como \u201cel Primer perro de la Rep\u00fablica de Chile\u201d, tras el hist\u00f3rico triunfo del dirigente de izquierda de 35 a\u00f1os el \u00faltimo domingo en la segunda vuelta electoral de ese pa\u00eds. \u201cAsumo el desaf\u00edo [&hellip;]<\/p>\n","protected":false},"author":3,"featured_media":51827,"comment_status":"open","ping_status":"open","sticky":false,"template":"","format":"standard","meta":{"footnotes":""},"categories":[5,11],"tags":[],"class_list":["post-51826","post","type-post","status-publish","format-standard","has-post-thumbnail","hentry","category-internacionales","category-sociedad"],"_links":{"self":[{"href":"http:\/\/informateesquina.com\/index.php?rest_route=\/wp\/v2\/posts\/51826","targetHints":{"allow":["GET"]}}],"collection":[{"href":"http:\/\/informateesquina.com\/index.php?rest_route=\/wp\/v2\/posts"}],"about":[{"href":"http:\/\/informateesquina.com\/index.php?rest_route=\/wp\/v2\/types\/post"}],"author":[{"embeddable":true,"href":"http:\/\/informateesquina.com\/index.php?rest_route=\/wp\/v2\/users\/3"}],"replies":[{"embeddable":true,"href":"http:\/\/informateesquina.com\/index.php?rest_route=%2Fwp%2Fv2%2Fcomments&post=51826"}],"version-history":[{"count":0,"href":"http:\/\/informateesquina.com\/index.php?rest_route=\/wp\/v2\/posts\/51826\/revisions"}],"wp:featuredmedia":[{"embeddable":true,"href":"http:\/\/informateesquina.com\/index.php?rest_route=\/wp\/v2\/media\/51827"}],"wp:attachment":[{"href":"http:\/\/informateesquina.com\/index.php?rest_route=%2Fwp%2Fv2%2Fmedia&parent=51826"}],"wp:term":[{"taxonomy":"category","embeddable":true,"href":"http:\/\/informateesquina.com\/index.php?rest_route=%2Fwp%2Fv2%2Fcategories&post=51826"},{"taxonomy":"post_tag","embeddable":true,"href":"http:\/\/informateesquina.com\/index.php?rest_route=%2Fwp%2Fv2%2Ftags&post=51826"}],"curies":[{"name":"wp","href":"https:\/\/api.w.org\/{rel}","templated":true}]}}