{"id":51835,"date":"2021-12-22T21:35:44","date_gmt":"2021-12-23T00:35:44","guid":{"rendered":"https:\/\/informateesquina.com\/?p=51835"},"modified":"2021-12-22T21:35:44","modified_gmt":"2021-12-23T00:35:44","slug":"bella-vista-apunalaron-a-un-adolescente-en-la-pileta-del-polideportivo-municipal","status":"publish","type":"post","link":"http:\/\/informateesquina.com\/?p=51835","title":{"rendered":"Bella Vista: Apu\u00f1alaron a un adolescente en la pileta del Polideportivo Municipal"},"content":{"rendered":"<h1><span style=\"color: #333333; font-size: 15px;\">Dos j\u00f3venes, de entre 15 y 17 a\u00f1os, desataron el martes por la tarde una feroz pelea en medio de la zona de pileta en el Polideportivo Municipal de Bella Vista. Uno de ellos ten\u00eda un cuchillo y el otro cadenas. Los adolescentes provocando momentos de suma tensi\u00f3n en el complejo, ya que en ese momento el lugar estaba lleno de gente.<\/span><\/h1>\n<div>\n<p>El enfrentamiento concluy\u00f3 con uno de ellos apu\u00f1alado en una pierna. El joven debi\u00f3 ser trasladado en una moto al hospital local ya que estuvo a punto de perder el conocimiento al desangrarse.<\/p>\n<p>La inmediata reacci\u00f3n de los profesores que coordinan actividades impidi\u00f3 que la situaci\u00f3n sea a\u00fan m\u00e1s grave, ya que la pelea continu\u00f3 afuera. Por el hecho, la Municipalidad inform\u00f3 el cierre temporal de la pileta.<\/p>\n<\/div>\n","protected":false},"excerpt":{"rendered":"<p>Dos j\u00f3venes, de entre 15 y 17 a\u00f1os, desataron el martes por la tarde una feroz pelea en medio de la zona de pileta en el Polideportivo Municipal de Bella Vista. Uno de ellos ten\u00eda un cuchillo y el otro cadenas. Los adolescentes provocando momentos de suma tensi\u00f3n en el complejo, ya que en ese [&hellip;]<\/p>\n","protected":false},"author":3,"featured_media":51836,"comment_status":"open","ping_status":"open","sticky":false,"template":"","format":"standard","meta":{"footnotes":""},"categories":[8,11],"tags":[],"class_list":["post-51835","post","type-post","status-publish","format-standard","has-post-thumbnail","hentry","category-policiales","category-sociedad"],"_links":{"self":[{"href":"http:\/\/informateesquina.com\/index.php?rest_route=\/wp\/v2\/posts\/51835","targetHints":{"allow":["GET"]}}],"collection":[{"href":"http:\/\/informateesquina.com\/index.php?rest_route=\/wp\/v2\/posts"}],"about":[{"href":"http:\/\/informateesquina.com\/index.php?rest_route=\/wp\/v2\/types\/post"}],"author":[{"embeddable":true,"href":"http:\/\/informateesquina.com\/index.php?rest_route=\/wp\/v2\/users\/3"}],"replies":[{"embeddable":true,"href":"http:\/\/informateesquina.com\/index.php?rest_route=%2Fwp%2Fv2%2Fcomments&post=51835"}],"version-history":[{"count":0,"href":"http:\/\/informateesquina.com\/index.php?rest_route=\/wp\/v2\/posts\/51835\/revisions"}],"wp:featuredmedia":[{"embeddable":true,"href":"http:\/\/informateesquina.com\/index.php?rest_route=\/wp\/v2\/media\/51836"}],"wp:attachment":[{"href":"http:\/\/informateesquina.com\/index.php?rest_route=%2Fwp%2Fv2%2Fmedia&parent=51835"}],"wp:term":[{"taxonomy":"category","embeddable":true,"href":"http:\/\/informateesquina.com\/index.php?rest_route=%2Fwp%2Fv2%2Fcategories&post=51835"},{"taxonomy":"post_tag","embeddable":true,"href":"http:\/\/informateesquina.com\/index.php?rest_route=%2Fwp%2Fv2%2Ftags&post=51835"}],"curies":[{"name":"wp","href":"https:\/\/api.w.org\/{rel}","templated":true}]}}