{"id":51866,"date":"2021-12-23T21:08:18","date_gmt":"2021-12-24T00:08:18","guid":{"rendered":"https:\/\/informateesquina.com\/?p=51866"},"modified":"2021-12-23T21:08:18","modified_gmt":"2021-12-24T00:08:18","slug":"remisera-denuncio-haber-sido-violada-por-un-pasajero","status":"publish","type":"post","link":"http:\/\/informateesquina.com\/?p=51866","title":{"rendered":"Remisera denunci\u00f3 haber sido violada por un pasajero"},"content":{"rendered":"<p>Seg\u00fan el relato de la mujer, el hecho ocurri\u00f3 este jueves, cuando un pasajero subi\u00f3 en la base de la empresa Taxi Expr\u00e9s alrededor de las 3 de la madrugada, en principio, para ir hasta el barrio Paran\u00e1 y luego cambio de destino para ir al barrio Portal del Sol, el pasajero par\u00f3 el veh\u00edculo antes de llegar al supuesto destino y dijo que seguir\u00eda caminando.<\/p>\n<div class=\"cuerpo\">\n<p>&#8220;Cuando lleg\u00f3, el hombre tard\u00f3\u00a0en pagarle y cuando lo hizo, la\u00a0tom\u00f3\u00a0del brazo y ejerciendo mayor fuerza logr\u00f3\u00a0someterla sexualmente&#8221;, seg\u00fan revel\u00f3 en sus declaraciones la v\u00edctima.<\/p>\n<p>La mujer radic\u00f3\u00a0la denuncia en Comisaria III del barrio San Jorge y dio algunos detalles del individuo, dijo que era delgado, alto con cabello color negro, remera oscura con pantal\u00f3n de jean de aproximadamente unos 30 a\u00f1os de edad-<\/p>\n<p>La polic\u00eda busca al supuesto agresor\u00a0con los datos aportados para su detenci\u00f3n\u00a0y ser puesto a disposici\u00f3n de la justicia bajo la caratula de &#8220;Supuesto Abuso Sexual&#8221;.<\/p>\n<\/div>\n","protected":false},"excerpt":{"rendered":"<p>Seg\u00fan el relato de la mujer, el hecho ocurri\u00f3 este jueves, cuando un pasajero subi\u00f3 en la base de la empresa Taxi Expr\u00e9s alrededor de las 3 de la madrugada, en principio, para ir hasta el barrio Paran\u00e1 y luego cambio de destino para ir al barrio Portal del Sol, el pasajero par\u00f3 el veh\u00edculo [&hellip;]<\/p>\n","protected":false},"author":3,"featured_media":51867,"comment_status":"open","ping_status":"open","sticky":false,"template":"","format":"standard","meta":{"footnotes":""},"categories":[8,10,11],"tags":[],"class_list":["post-51866","post","type-post","status-publish","format-standard","has-post-thumbnail","hentry","category-policiales","category-provinciales","category-sociedad"],"_links":{"self":[{"href":"http:\/\/informateesquina.com\/index.php?rest_route=\/wp\/v2\/posts\/51866","targetHints":{"allow":["GET"]}}],"collection":[{"href":"http:\/\/informateesquina.com\/index.php?rest_route=\/wp\/v2\/posts"}],"about":[{"href":"http:\/\/informateesquina.com\/index.php?rest_route=\/wp\/v2\/types\/post"}],"author":[{"embeddable":true,"href":"http:\/\/informateesquina.com\/index.php?rest_route=\/wp\/v2\/users\/3"}],"replies":[{"embeddable":true,"href":"http:\/\/informateesquina.com\/index.php?rest_route=%2Fwp%2Fv2%2Fcomments&post=51866"}],"version-history":[{"count":0,"href":"http:\/\/informateesquina.com\/index.php?rest_route=\/wp\/v2\/posts\/51866\/revisions"}],"wp:featuredmedia":[{"embeddable":true,"href":"http:\/\/informateesquina.com\/index.php?rest_route=\/wp\/v2\/media\/51867"}],"wp:attachment":[{"href":"http:\/\/informateesquina.com\/index.php?rest_route=%2Fwp%2Fv2%2Fmedia&parent=51866"}],"wp:term":[{"taxonomy":"category","embeddable":true,"href":"http:\/\/informateesquina.com\/index.php?rest_route=%2Fwp%2Fv2%2Fcategories&post=51866"},{"taxonomy":"post_tag","embeddable":true,"href":"http:\/\/informateesquina.com\/index.php?rest_route=%2Fwp%2Fv2%2Ftags&post=51866"}],"curies":[{"name":"wp","href":"https:\/\/api.w.org\/{rel}","templated":true}]}}