{"id":51872,"date":"2021-12-23T21:12:11","date_gmt":"2021-12-24T00:12:11","guid":{"rendered":"https:\/\/informateesquina.com\/?p=51872"},"modified":"2021-12-23T21:12:11","modified_gmt":"2021-12-24T00:12:11","slug":"corrientes-donde-puedo-ver-el-resultado-de-mi-hisopado","status":"publish","type":"post","link":"http:\/\/informateesquina.com\/?p=51872","title":{"rendered":"Corrientes: \u00bfD\u00f3nde puedo ver el resultado de mi hisopado?"},"content":{"rendered":"<h1><span style=\"color: #333333; font-size: 15px;\">Debido al n\u00famero de testeos en un momento de la pandemia, desde el Gobierno de la Provincia habilit\u00f3 una p\u00e1gina para que aquellas personas que se sometieron a un hisopado puedan\u00a0 chequear el resultado:\u00a0 <\/span><a style=\"font-size: 15px;\" href=\"https:\/\/permisos.corrientes.gob.ar\/permisos\">https:\/\/permisos.corrientes.gob.ar\/permisos<\/a><span style=\"color: #333333; font-size: 15px;\">\u00a0si su testeo dio negativo.\u00a0<\/span><\/h1>\n<div class=\"cuerpo\">\n<p>La carga se realiza\u00a0\u00a0con una estimaci\u00f3n de hasta 72 horas. En tanto que aquellos que dieron\u00a0positivo seguir\u00e1n recibiendo la notificaci\u00f3n de manera particular.<\/p>\n<p><a class=\"fotos-desarrollo unlink\" title=\"Corrientes: \u00bfD\u00f3nde puedo ver el resultado de mi hisopado?\" href=\"https:\/\/www.radiosudamericana.com\/notix\/multimedia\/imagenes\/fotos\/2021-12-23\/681669.jpg\"><img decoding=\"async\" class=\"img-responsive\" src=\"https:\/\/www.radiosudamericana.com\/notix\/multimedia\/imagenes\/fotos\/2021-12-23\/681669.jpg_nota.jpg\" \/><\/a><\/p>\n<\/div>\n","protected":false},"excerpt":{"rendered":"<p>Debido al n\u00famero de testeos en un momento de la pandemia, desde el Gobierno de la Provincia habilit\u00f3 una p\u00e1gina para que aquellas personas que se sometieron a un hisopado puedan\u00a0 chequear el resultado:\u00a0 https:\/\/permisos.corrientes.gob.ar\/permisos\u00a0si su testeo dio negativo.\u00a0 La carga se realiza\u00a0\u00a0con una estimaci\u00f3n de hasta 72 horas. En tanto que aquellos que dieron\u00a0positivo [&hellip;]<\/p>\n","protected":false},"author":3,"featured_media":51873,"comment_status":"open","ping_status":"open","sticky":false,"template":"","format":"standard","meta":{"footnotes":""},"categories":[9,10,11],"tags":[],"class_list":["post-51872","post","type-post","status-publish","format-standard","has-post-thumbnail","hentry","category-politica","category-provinciales","category-sociedad"],"_links":{"self":[{"href":"http:\/\/informateesquina.com\/index.php?rest_route=\/wp\/v2\/posts\/51872","targetHints":{"allow":["GET"]}}],"collection":[{"href":"http:\/\/informateesquina.com\/index.php?rest_route=\/wp\/v2\/posts"}],"about":[{"href":"http:\/\/informateesquina.com\/index.php?rest_route=\/wp\/v2\/types\/post"}],"author":[{"embeddable":true,"href":"http:\/\/informateesquina.com\/index.php?rest_route=\/wp\/v2\/users\/3"}],"replies":[{"embeddable":true,"href":"http:\/\/informateesquina.com\/index.php?rest_route=%2Fwp%2Fv2%2Fcomments&post=51872"}],"version-history":[{"count":0,"href":"http:\/\/informateesquina.com\/index.php?rest_route=\/wp\/v2\/posts\/51872\/revisions"}],"wp:featuredmedia":[{"embeddable":true,"href":"http:\/\/informateesquina.com\/index.php?rest_route=\/wp\/v2\/media\/51873"}],"wp:attachment":[{"href":"http:\/\/informateesquina.com\/index.php?rest_route=%2Fwp%2Fv2%2Fmedia&parent=51872"}],"wp:term":[{"taxonomy":"category","embeddable":true,"href":"http:\/\/informateesquina.com\/index.php?rest_route=%2Fwp%2Fv2%2Fcategories&post=51872"},{"taxonomy":"post_tag","embeddable":true,"href":"http:\/\/informateesquina.com\/index.php?rest_route=%2Fwp%2Fv2%2Ftags&post=51872"}],"curies":[{"name":"wp","href":"https:\/\/api.w.org\/{rel}","templated":true}]}}