{"id":51878,"date":"2021-12-23T21:17:13","date_gmt":"2021-12-24T00:17:13","guid":{"rendered":"https:\/\/informateesquina.com\/?p=51878"},"modified":"2021-12-23T21:17:13","modified_gmt":"2021-12-24T00:17:13","slug":"el-paso-con-reservas-de-entre-80-y-95-para-las-fiestas","status":"publish","type":"post","link":"http:\/\/informateesquina.com\/?p=51878","title":{"rendered":"&#8220;El Paso&#8221; con reservas de entre 80 y 95% para las fiestas"},"content":{"rendered":"<div>\n<p class=\"copete\">Desde la entidad, aseguraron que para Navidad tienen cubierto el 80% y para A\u00f1o Nuevo el 95%, sobre un poco m\u00e1s de 3.000 plazas registradas.<\/p>\n<\/div>\n<div class=\"cuerpo\">\n<p>Los turistas en su mayor\u00eda llegan de Chaco, Jujuy, Salta y Santa Fe atra\u00eddos por la propuesta de sol, arena y playa de la villa tur\u00edstica.<\/p>\n<p><a class=\"fotos-desarrollo unlink\" title=\"El Paso con reservas de entre 80 y 95% para las fiestas\" href=\"https:\/\/www.radiosudamericana.com\/notix\/multimedia\/imagenes\/fotos\/2021-12-23\/248735.jpg\"><img decoding=\"async\" class=\"img-responsive\" src=\"https:\/\/www.radiosudamericana.com\/notix\/multimedia\/imagenes\/fotos\/2021-12-23\/248735.jpg_nota.jpg\" \/><\/a><\/p>\n<p>Para enero, las reservas tambi\u00e9n son superiores al 90%, seg\u00fan la CAPRESSTUR. Vale aclarar que la estad\u00edstica s\u00f3lo cubre a plazas debidamente registradas.<\/p>\n<p>En promedio, un alquiler de casa por d\u00eda vale entre $12 mil y $15 mil por grupo familiar. &#8220;Sin pileta, puede llegar a $800 por persona, y $1.300 si cuenta con pileta&#8221;, brindaron un panorama. Adem\u00e1s, algunos locatarios cobran un extra por electricidad. Una decisi\u00f3n impulsada por el encendido permanente de aires acondicionados.<\/p>\n<p>FUENTE: DIARIO \u00c9POCA<\/p>\n<\/div>\n","protected":false},"excerpt":{"rendered":"<p>Desde la entidad, aseguraron que para Navidad tienen cubierto el 80% y para A\u00f1o Nuevo el 95%, sobre un poco m\u00e1s de 3.000 plazas registradas. Los turistas en su mayor\u00eda llegan de Chaco, Jujuy, Salta y Santa Fe atra\u00eddos por la propuesta de sol, arena y playa de la villa tur\u00edstica. Para enero, las reservas [&hellip;]<\/p>\n","protected":false},"author":3,"featured_media":51879,"comment_status":"open","ping_status":"open","sticky":false,"template":"","format":"standard","meta":{"footnotes":""},"categories":[10,11],"tags":[],"class_list":["post-51878","post","type-post","status-publish","format-standard","has-post-thumbnail","hentry","category-provinciales","category-sociedad"],"_links":{"self":[{"href":"http:\/\/informateesquina.com\/index.php?rest_route=\/wp\/v2\/posts\/51878","targetHints":{"allow":["GET"]}}],"collection":[{"href":"http:\/\/informateesquina.com\/index.php?rest_route=\/wp\/v2\/posts"}],"about":[{"href":"http:\/\/informateesquina.com\/index.php?rest_route=\/wp\/v2\/types\/post"}],"author":[{"embeddable":true,"href":"http:\/\/informateesquina.com\/index.php?rest_route=\/wp\/v2\/users\/3"}],"replies":[{"embeddable":true,"href":"http:\/\/informateesquina.com\/index.php?rest_route=%2Fwp%2Fv2%2Fcomments&post=51878"}],"version-history":[{"count":0,"href":"http:\/\/informateesquina.com\/index.php?rest_route=\/wp\/v2\/posts\/51878\/revisions"}],"wp:featuredmedia":[{"embeddable":true,"href":"http:\/\/informateesquina.com\/index.php?rest_route=\/wp\/v2\/media\/51879"}],"wp:attachment":[{"href":"http:\/\/informateesquina.com\/index.php?rest_route=%2Fwp%2Fv2%2Fmedia&parent=51878"}],"wp:term":[{"taxonomy":"category","embeddable":true,"href":"http:\/\/informateesquina.com\/index.php?rest_route=%2Fwp%2Fv2%2Fcategories&post=51878"},{"taxonomy":"post_tag","embeddable":true,"href":"http:\/\/informateesquina.com\/index.php?rest_route=%2Fwp%2Fv2%2Ftags&post=51878"}],"curies":[{"name":"wp","href":"https:\/\/api.w.org\/{rel}","templated":true}]}}