{"id":51881,"date":"2021-12-23T21:19:15","date_gmt":"2021-12-24T00:19:15","guid":{"rendered":"https:\/\/informateesquina.com\/?p=51881"},"modified":"2021-12-23T21:19:15","modified_gmt":"2021-12-24T00:19:15","slug":"designaron-a-la-nueva-pareja-de-la-fiesta-nacional-del-chamame","status":"publish","type":"post","link":"http:\/\/informateesquina.com\/?p=51881","title":{"rendered":"Designaron a la nueva pareja de la Fiesta Nacional del Chamam\u00e9"},"content":{"rendered":"<h1><a class=\"fotos-desarrollo unlink\" style=\"font-size: 15px;\" title=\"Designaron a la nueva pareja de la Fiesta Nacional del Chamam\u00e9\" href=\"https:\/\/www.radiosudamericana.com\/notix\/multimedia\/imagenes\/fotos\/2021-12-23\/420960.jpg\"><img loading=\"lazy\" decoding=\"async\" class=\"img-responsive lazyload center-block\" src=\"https:\/\/www.radiosudamericana.com\/notix\/multimedia\/imagenes\/fotos\/2021-12-23\/420960.jpg_nota.jpg\" alt=\"Designaron a la nueva pareja de la Fiesta Nacional del Chamam\u00e9\" width=\"700\" height=\"1005\" \/><\/a><\/h1>\n<p>En la ma\u00f1ana de este jueves 23, en el Instituto de Cultura de Corrientes se realiz\u00f3 el anuncio de las nuevas Parejas Nacionales del Chamam\u00e9. Se trata de Milagros Cerd\u00e1n y Diego Jara, ambos oriundos de San Miguel.<\/p>\n<div class=\"cuerpo\">\n<p>Los bailarines sanmiguele\u00f1os ser\u00e1n los representantes de la 31\u00aa Fiesta Nacional del Chamam\u00e9. Ante el mundo, ser\u00e1n los nuevos referentes del Patrimonio Cultural Inmaterial de la Humanidad.<\/p>\n<p>Un dato no menor es que el flamante nuevo representante es hermano del difunto bailar\u00edn que integr\u00f3 la Pareja Nacional del Chamam\u00e9 2019. Se trata de Mario Jara, quien falleci\u00f3 en septiembre tras un grave accidente en su motocicleta. El joven hab\u00eda permanecido varios d\u00edas internado, hasta que lamentablemente parti\u00f3 de este mundo.<\/p>\n<\/div>\n","protected":false},"excerpt":{"rendered":"<p>En la ma\u00f1ana de este jueves 23, en el Instituto de Cultura de Corrientes se realiz\u00f3 el anuncio de las nuevas Parejas Nacionales del Chamam\u00e9. Se trata de Milagros Cerd\u00e1n y Diego Jara, ambos oriundos de San Miguel. Los bailarines sanmiguele\u00f1os ser\u00e1n los representantes de la 31\u00aa Fiesta Nacional del Chamam\u00e9. Ante el mundo, ser\u00e1n [&hellip;]<\/p>\n","protected":false},"author":3,"featured_media":51882,"comment_status":"open","ping_status":"open","sticky":false,"template":"","format":"standard","meta":{"footnotes":""},"categories":[10,11],"tags":[],"class_list":["post-51881","post","type-post","status-publish","format-standard","has-post-thumbnail","hentry","category-provinciales","category-sociedad"],"_links":{"self":[{"href":"http:\/\/informateesquina.com\/index.php?rest_route=\/wp\/v2\/posts\/51881","targetHints":{"allow":["GET"]}}],"collection":[{"href":"http:\/\/informateesquina.com\/index.php?rest_route=\/wp\/v2\/posts"}],"about":[{"href":"http:\/\/informateesquina.com\/index.php?rest_route=\/wp\/v2\/types\/post"}],"author":[{"embeddable":true,"href":"http:\/\/informateesquina.com\/index.php?rest_route=\/wp\/v2\/users\/3"}],"replies":[{"embeddable":true,"href":"http:\/\/informateesquina.com\/index.php?rest_route=%2Fwp%2Fv2%2Fcomments&post=51881"}],"version-history":[{"count":0,"href":"http:\/\/informateesquina.com\/index.php?rest_route=\/wp\/v2\/posts\/51881\/revisions"}],"wp:featuredmedia":[{"embeddable":true,"href":"http:\/\/informateesquina.com\/index.php?rest_route=\/wp\/v2\/media\/51882"}],"wp:attachment":[{"href":"http:\/\/informateesquina.com\/index.php?rest_route=%2Fwp%2Fv2%2Fmedia&parent=51881"}],"wp:term":[{"taxonomy":"category","embeddable":true,"href":"http:\/\/informateesquina.com\/index.php?rest_route=%2Fwp%2Fv2%2Fcategories&post=51881"},{"taxonomy":"post_tag","embeddable":true,"href":"http:\/\/informateesquina.com\/index.php?rest_route=%2Fwp%2Fv2%2Ftags&post=51881"}],"curies":[{"name":"wp","href":"https:\/\/api.w.org\/{rel}","templated":true}]}}