{"id":51891,"date":"2021-12-26T16:01:20","date_gmt":"2021-12-26T19:01:20","guid":{"rendered":"https:\/\/informateesquina.com\/?p=51891"},"modified":"2021-12-26T16:02:17","modified_gmt":"2021-12-26T19:02:17","slug":"corrientes-asesinaron-a-un-preso-a-punaladas-en-la-carcel","status":"publish","type":"post","link":"http:\/\/informateesquina.com\/?p=51891","title":{"rendered":"Corrientes: asesinaron a un preso a pu\u00f1aladas en la c\u00e1rcel"},"content":{"rendered":"<div class=\"fotos-y-videos\">\n<p><strong>Mataron a un preso de seis pu\u00f1aladas esta madrugada en una c\u00e1rcel de Corrientes.<\/strong>\u00a0Seg\u00fan pudieron averiguar medios locales, la disputa se habr\u00eda iniciado por una mujer. Esto fue informado por fuentes oficiales.<\/p>\n<\/div>\n<div class=\"cuerpo\">\n<p>Mart\u00edn Ayala\u00a0estaba en el pabell\u00f3n 2 de m\u00e1xima seguridad de la Unidad Penal 6 de San Cayetano.\u00a0<strong>Se trenz\u00f3 en una ri\u00f1a con otro interno, El\u00edas Mart\u00ednez, quien reconoci\u00f3 ser el autor del homicidio<\/strong>.<\/p>\n<p>Fuentes de la penitenciar\u00eda confirmaron que &#8220;<strong>el asesino tiene una conducta conflictiva<\/strong>\u00a0y\u00a0<strong>fue condenado por matar a su hermano<\/strong>, pero ya hab\u00eda asesinado a otra persona en un asentamiento&#8221;.<\/p>\n<p><strong>La pelea se habr\u00eda producido por una mujer que visit\u00f3 a Ayala<\/strong>. La pelea se produjo en plena madrugada y hasta hace unos instantes, el cuerpo segu\u00eda en la c\u00e1rcel.<\/p>\n<p><em>Con informaci\u00f3n de El Litoral.<\/em><\/p>\n<\/div>\n","protected":false},"excerpt":{"rendered":"<p>Mataron a un preso de seis pu\u00f1aladas esta madrugada en una c\u00e1rcel de Corrientes.\u00a0Seg\u00fan pudieron averiguar medios locales, la disputa se habr\u00eda iniciado por una mujer. Esto fue informado por fuentes oficiales. Mart\u00edn Ayala\u00a0estaba en el pabell\u00f3n 2 de m\u00e1xima seguridad de la Unidad Penal 6 de San Cayetano.\u00a0Se trenz\u00f3 en una ri\u00f1a con otro [&hellip;]<\/p>\n","protected":false},"author":3,"featured_media":51892,"comment_status":"open","ping_status":"open","sticky":false,"template":"","format":"standard","meta":{"footnotes":""},"categories":[8,11],"tags":[136],"class_list":["post-51891","post","type-post","status-publish","format-standard","has-post-thumbnail","hentry","category-policiales","category-sociedad","tag-destacados"],"_links":{"self":[{"href":"http:\/\/informateesquina.com\/index.php?rest_route=\/wp\/v2\/posts\/51891","targetHints":{"allow":["GET"]}}],"collection":[{"href":"http:\/\/informateesquina.com\/index.php?rest_route=\/wp\/v2\/posts"}],"about":[{"href":"http:\/\/informateesquina.com\/index.php?rest_route=\/wp\/v2\/types\/post"}],"author":[{"embeddable":true,"href":"http:\/\/informateesquina.com\/index.php?rest_route=\/wp\/v2\/users\/3"}],"replies":[{"embeddable":true,"href":"http:\/\/informateesquina.com\/index.php?rest_route=%2Fwp%2Fv2%2Fcomments&post=51891"}],"version-history":[{"count":0,"href":"http:\/\/informateesquina.com\/index.php?rest_route=\/wp\/v2\/posts\/51891\/revisions"}],"wp:featuredmedia":[{"embeddable":true,"href":"http:\/\/informateesquina.com\/index.php?rest_route=\/wp\/v2\/media\/51892"}],"wp:attachment":[{"href":"http:\/\/informateesquina.com\/index.php?rest_route=%2Fwp%2Fv2%2Fmedia&parent=51891"}],"wp:term":[{"taxonomy":"category","embeddable":true,"href":"http:\/\/informateesquina.com\/index.php?rest_route=%2Fwp%2Fv2%2Fcategories&post=51891"},{"taxonomy":"post_tag","embeddable":true,"href":"http:\/\/informateesquina.com\/index.php?rest_route=%2Fwp%2Fv2%2Ftags&post=51891"}],"curies":[{"name":"wp","href":"https:\/\/api.w.org\/{rel}","templated":true}]}}