{"id":51899,"date":"2021-12-26T17:20:36","date_gmt":"2021-12-26T20:20:36","guid":{"rendered":"https:\/\/informateesquina.com\/?p=51899"},"modified":"2021-12-26T17:20:36","modified_gmt":"2021-12-26T20:20:36","slug":"ecuador-quemaron-vivos-a-dos-presuntos-delincuentes","status":"publish","type":"post","link":"http:\/\/informateesquina.com\/?p=51899","title":{"rendered":"Ecuador: quemaron vivos a dos presuntos delincuentes"},"content":{"rendered":"<p>Dos personas fueron asesinadas y\u00a0quemadas\u00a0por haber matado presuntamente a otra en una localidad de la provincia costera de\u00a0Manab\u00ed, al suroeste de\u00a0Ecuador, inform\u00f3 el s\u00e1bado la Polic\u00eda.<\/p>\n<p>&#8220;Son confirmadas tres v\u00edctimas, una presunta muerte selectiva y dos presuntos ajusticiados&#8221;, indic\u00f3 a la prensa el jefe de Polic\u00eda del Distrito Sucre,\u00a0Marco Arg\u00fcello.<\/p>\n<div style=\"width: 1280px;\" class=\"wp-video\"><video class=\"wp-video-shortcode\" id=\"video-51899-1\" width=\"1280\" height=\"720\" preload=\"metadata\" controls=\"controls\"><source type=\"video\/mp4\" src=\"https:\/\/informateesquina.com\/wp-content\/uploads\/2021\/12\/Ciudadanos-lincharon-y-quemaron-vivos-a-dos-sicarios.mp4?_=1\" \/><a href=\"https:\/\/informateesquina.com\/wp-content\/uploads\/2021\/12\/Ciudadanos-lincharon-y-quemaron-vivos-a-dos-sicarios.mp4\">https:\/\/informateesquina.com\/wp-content\/uploads\/2021\/12\/Ciudadanos-lincharon-y-quemaron-vivos-a-dos-sicarios.mp4<\/a><\/video><\/div>\n<p>El hecho ocurri\u00f3 en un barrio de la ciudad de\u00a0Bah\u00eda de Car\u00e1quez, capital del cant\u00f3n Sucre.<\/p>\n<p>El oficial explic\u00f3 que los dos ciudadanos, &#8220;aparentemente sicarios,\u00a0impactaron m\u00e1s de 12 balas\u00a0a la persona que se encuentra fallecida en el hospital&#8221;.<\/p>\n<p>Arg\u00fcello agreg\u00f3 que ello desat\u00f3 &#8220;un\u00a0tiroteo con los familiares de la v\u00edctima\u00a0y las dos personas, presuntamente sicarios, caen de la motocicleta y son ajusticiados por los ciudadanos del sector&#8221;.<\/p>\n<p>En videos que circulan por\u00a0redes sociales\u00a0se observa a un individuo de torso desnudo arrojando con un recipiente alg\u00fan tipo de l\u00edquido sobre los dos cuerpos tendidos en la vereda. Luego se enciende una hoguera.<\/p>\n<p>&#8220;Efectivos de la Polic\u00eda Nacional acudieron al sitio para constatar el hecho. Ellos\u00a0cercaron el \u00e1rea donde reposaban los cuerpos\u00a0calcinados&#8221;, public\u00f3 el\u00a0diario El Universo\u00a0en su edici\u00f3n en l\u00ednea.<\/p>\n","protected":false},"excerpt":{"rendered":"<p>Dos personas fueron asesinadas y\u00a0quemadas\u00a0por haber matado presuntamente a otra en una localidad de la provincia costera de\u00a0Manab\u00ed, al suroeste de\u00a0Ecuador, inform\u00f3 el s\u00e1bado la Polic\u00eda. &#8220;Son confirmadas tres v\u00edctimas, una presunta muerte selectiva y dos presuntos ajusticiados&#8221;, indic\u00f3 a la prensa el jefe de Polic\u00eda del Distrito Sucre,\u00a0Marco Arg\u00fcello. El hecho ocurri\u00f3 en un [&hellip;]<\/p>\n","protected":false},"author":3,"featured_media":51901,"comment_status":"open","ping_status":"open","sticky":false,"template":"","format":"standard","meta":{"footnotes":""},"categories":[5,8,11],"tags":[],"class_list":["post-51899","post","type-post","status-publish","format-standard","has-post-thumbnail","hentry","category-internacionales","category-policiales","category-sociedad"],"_links":{"self":[{"href":"http:\/\/informateesquina.com\/index.php?rest_route=\/wp\/v2\/posts\/51899","targetHints":{"allow":["GET"]}}],"collection":[{"href":"http:\/\/informateesquina.com\/index.php?rest_route=\/wp\/v2\/posts"}],"about":[{"href":"http:\/\/informateesquina.com\/index.php?rest_route=\/wp\/v2\/types\/post"}],"author":[{"embeddable":true,"href":"http:\/\/informateesquina.com\/index.php?rest_route=\/wp\/v2\/users\/3"}],"replies":[{"embeddable":true,"href":"http:\/\/informateesquina.com\/index.php?rest_route=%2Fwp%2Fv2%2Fcomments&post=51899"}],"version-history":[{"count":0,"href":"http:\/\/informateesquina.com\/index.php?rest_route=\/wp\/v2\/posts\/51899\/revisions"}],"wp:featuredmedia":[{"embeddable":true,"href":"http:\/\/informateesquina.com\/index.php?rest_route=\/wp\/v2\/media\/51901"}],"wp:attachment":[{"href":"http:\/\/informateesquina.com\/index.php?rest_route=%2Fwp%2Fv2%2Fmedia&parent=51899"}],"wp:term":[{"taxonomy":"category","embeddable":true,"href":"http:\/\/informateesquina.com\/index.php?rest_route=%2Fwp%2Fv2%2Fcategories&post=51899"},{"taxonomy":"post_tag","embeddable":true,"href":"http:\/\/informateesquina.com\/index.php?rest_route=%2Fwp%2Fv2%2Ftags&post=51899"}],"curies":[{"name":"wp","href":"https:\/\/api.w.org\/{rel}","templated":true}]}}