{"id":51904,"date":"2021-12-26T18:22:26","date_gmt":"2021-12-26T21:22:26","guid":{"rendered":"https:\/\/informateesquina.com\/?p=51904"},"modified":"2021-12-26T18:22:26","modified_gmt":"2021-12-26T21:22:26","slug":"juana-viale-se-despidio-del-programa-llorando-y-bailando-un-tema-de-gilda","status":"publish","type":"post","link":"http:\/\/informateesquina.com\/?p=51904","title":{"rendered":"Juana Viale se despidi\u00f3 del programa llorando y bailando un tema de Gilda"},"content":{"rendered":"<section class=\"detail-body first-paragraph\">\n<section id=\"note-body\" class=\"body-content note-body content-protected-false\" data-twitter-link=\"https:\/\/twitter.com\/intent\/tweet?url=https:\/\/www.minutouno.com\/c5341849&amp;v\u00eda=Ambitocom&amp;related=MinutoUno&amp;text=\">Una mezcla de emociones vivi\u00f3\u00a0Juana Viale\u00a0en su \u00faltimo programa de 2021 en el que se puso adelante para reemplazar a\u00a0Mirtha Legrand. Al ritmo de Gilda, la conductora ingres\u00f3 al estudio luciendo un vestido corto con mangas, bordado, color nude, que ya hab\u00eda usado.<\/p>\n<\/section>\n<\/section>\n<section class=\"detail-body second-paragraph\">\n<section class=\"body-content note-body content-protected-false\">&#8220;La verdad que es incre\u00edble la cantidad de personalidades que pasaron por ac\u00e1, pens\u00e9 que hab\u00eda tenido como 60 vidas\u201d, coment\u00f3, al despedirse de\u00a0La noche de Mirtha. Luego, sentada en la mesa, ley\u00f3 una carta de su hermano y productor\u00a0Nacho Viale, en la que la felicitaba por haberse desempe\u00f1ado como conductora otro a\u00f1o m\u00e1s.<\/p>\n<p>\u201cYa lloro sin saber qu\u00e9 es. Dice as\u00ed: Juana, hace dos a\u00f1os fuimos en busca de ayuda ante el flagelo que a\u00fan hoy sigue.\u00a0<span id=\"saysCMSEmphasisl9mypgkfn5e\" class=\"saysCMSEmphasis\">El programa deb\u00eda seguir, era la voluntad de tu abuela, encontramos tu ayuda y hoy tenemos una conductora en constante evoluci\u00f3n y protagonismo<\/span>. Tu crecimiento nos llena de orgullo y es merecido. Te amamos y donde sea estaremos juntos siempre, Nacho, Diego y todo Story Lab\u201d, ley\u00f3 Juana, con l\u00e1grimas.<\/p>\n<div class=\"jeg_video_container jeg_video_content\"><iframe loading=\"lazy\" title=\"\u00a1Juana Viale despide el a\u00f1o 2021 con un look total white!\" width=\"500\" height=\"281\" src=\"https:\/\/www.youtube.com\/embed\/i5PJTBVoZJA?feature=oembed\" frameborder=\"0\" allow=\"accelerometer; autoplay; clipboard-write; encrypted-media; gyroscope; picture-in-picture; web-share\" referrerpolicy=\"strict-origin-when-cross-origin\" allowfullscreen><\/iframe><\/div>\n<div id=\"embed5056_wrap\" class=\"embed_cont type_freetext\" contenteditable=\"false\" data-provider=\"YouTube\">\n<div id=\"embed5056_content\" class=\"embed_content\">\n<div id=\"embed5056_embed\"><\/div>\n<\/div>\n<\/div>\n<p>Luego, mirando a c\u00e1mara, le agradeci\u00f3 a todo el equipo de producci\u00f3n, t\u00e9cnica y vestuario. &#8220;Yo lo que quiero decir es que uno es un protagonista o un participante m\u00e1s. Sin mis invitados, sin mi producci\u00f3n, sin lo que es Jime cocina, mi equipo de producci\u00f3n, Kary, los t\u00e9cnicos, los c\u00e1maras, la gente con m\u00e1s trayectoria que me ense\u00f1a a hacer esto, yo ca\u00ed ac\u00e1 como dicen, por arte de magia, yo estoy eternamente agradecida\u201d, expres\u00f3.<\/p>\n<p>\u201cRespeto a todo el mundo, respeto que vengan ac\u00e1 y puedan decir lo que quieran.\u00a0<span id=\"saysCMSEmphasis1f9sewmq1wb\" class=\"saysCMSEmphasis\">Soy una agradecida de la vida y termina este ciclo hermoso, que me dio mucho. No s\u00e9 qu\u00e9 va a pasar el a\u00f1o que viene, tampoco me interesa, porque el destino me lo va a hacer saber,<\/span>\u00a0y solamente palabras de amor y agradecimiento. Brindo por todos mis invitados, siempre\u201d, concluy\u00f3.<\/p>\n<\/section>\n<\/section>\n","protected":false},"excerpt":{"rendered":"<p>Una mezcla de emociones vivi\u00f3\u00a0Juana Viale\u00a0en su \u00faltimo programa de 2021 en el que se puso adelante para reemplazar a\u00a0Mirtha Legrand. Al ritmo de Gilda, la conductora ingres\u00f3 al estudio luciendo un vestido corto con mangas, bordado, color nude, que ya hab\u00eda usado. &#8220;La verdad que es incre\u00edble la cantidad de personalidades que pasaron por [&hellip;]<\/p>\n","protected":false},"author":3,"featured_media":51905,"comment_status":"open","ping_status":"open","sticky":false,"template":"","format":"standard","meta":{"footnotes":""},"categories":[4],"tags":[],"class_list":["post-51904","post","type-post","status-publish","format-standard","has-post-thumbnail","hentry","category-espectaculos"],"_links":{"self":[{"href":"http:\/\/informateesquina.com\/index.php?rest_route=\/wp\/v2\/posts\/51904","targetHints":{"allow":["GET"]}}],"collection":[{"href":"http:\/\/informateesquina.com\/index.php?rest_route=\/wp\/v2\/posts"}],"about":[{"href":"http:\/\/informateesquina.com\/index.php?rest_route=\/wp\/v2\/types\/post"}],"author":[{"embeddable":true,"href":"http:\/\/informateesquina.com\/index.php?rest_route=\/wp\/v2\/users\/3"}],"replies":[{"embeddable":true,"href":"http:\/\/informateesquina.com\/index.php?rest_route=%2Fwp%2Fv2%2Fcomments&post=51904"}],"version-history":[{"count":0,"href":"http:\/\/informateesquina.com\/index.php?rest_route=\/wp\/v2\/posts\/51904\/revisions"}],"wp:featuredmedia":[{"embeddable":true,"href":"http:\/\/informateesquina.com\/index.php?rest_route=\/wp\/v2\/media\/51905"}],"wp:attachment":[{"href":"http:\/\/informateesquina.com\/index.php?rest_route=%2Fwp%2Fv2%2Fmedia&parent=51904"}],"wp:term":[{"taxonomy":"category","embeddable":true,"href":"http:\/\/informateesquina.com\/index.php?rest_route=%2Fwp%2Fv2%2Fcategories&post=51904"},{"taxonomy":"post_tag","embeddable":true,"href":"http:\/\/informateesquina.com\/index.php?rest_route=%2Fwp%2Fv2%2Ftags&post=51904"}],"curies":[{"name":"wp","href":"https:\/\/api.w.org\/{rel}","templated":true}]}}