{"id":51915,"date":"2021-12-27T23:48:34","date_gmt":"2021-12-28T02:48:34","guid":{"rendered":"https:\/\/informateesquina.com\/?p=51915"},"modified":"2021-12-27T23:48:46","modified_gmt":"2021-12-28T02:48:46","slug":"comenzo-la-venta-de-entradas-para-la-fiesta-nacional-del-chamame","status":"publish","type":"post","link":"http:\/\/informateesquina.com\/?p=51915","title":{"rendered":"Comenz\u00f3 la venta de entradas para la Fiesta Nacional del Chamam\u00e9"},"content":{"rendered":"<div>\n<p class=\"copete\"><a class=\"fotos-desarrollo unlink\" title=\"Comenz\u00f3 la venta de entradas para la Fiesta Nacional del Chamam\u00e9\" href=\"https:\/\/www.radiosudamericana.com\/notix\/multimedia\/imagenes\/fotos\/2021-12-27\/126891.jpg\"><img loading=\"lazy\" decoding=\"async\" class=\"img-responsive lazyload center-block\" src=\"https:\/\/www.radiosudamericana.com\/notix\/multimedia\/imagenes\/fotos\/2021-12-27\/126891.jpg_nota.jpg\" alt=\"Comenz\u00f3 la venta de entradas para la Fiesta Nacional del Chamam\u00e9\" width=\"700\" height=\"386\" \/><\/a><\/p>\n<\/div>\n<p>&nbsp;<\/p>\n<div class=\"cuerpo\">\n<p>La entrada por noche tiene un costo de $500, y puede adquirirse esta semana (martes a jueves) en la boleter\u00eda del Teatro Oficial Juan de Vera, en el horario de 9 a 12. En tanto, desde el lunes pr\u00f3ximo, la comercializaci\u00f3n en este mismo lugar se realizar\u00e1 en el horario de la ma\u00f1ana, y tambi\u00e9n por la tarde.<\/p>\n<p>Desde la organizaci\u00f3n se\u00f1alaron que se est\u00e1n terminando de definir otros puntos de comercializaci\u00f3n en la ciudad de Corrientes que se informar\u00e1n en los pr\u00f3ximos d\u00edas y, como todos los a\u00f1os, tambi\u00e9n ser\u00e1 posible comprar entradas en el mismo anfiteatro Cocomarola, aunque en este caso depender\u00e1 de la disponibilidad de cada noche.<\/p>\n<p>Se recuerda que por el protocolo sanitario, se resolvi\u00f3 que el ingreso m\u00e1ximo por noche ser\u00e1 de 7.500 personas. Tambi\u00e9n se estipul\u00f3 que se exigir\u00e1\u00a0plan de vacunaci\u00f3n completa (dos dosis) de la vacuna anti covid-19 correspondiente a su grupo etario, ya sea esta a trav\u00e9s de su formato papel, formato digital (aplicaci\u00f3n Mi Argentina) o pase sanitario. Por otra parte, el espectador que no posea esquema completo deber\u00e1 presentar prueba negativa de PCR realizada con un m\u00e1ximo de 72 hs previas a su ingreso al evento.<\/p>\n<\/div>\n","protected":false},"excerpt":{"rendered":"<p>&nbsp; La entrada por noche tiene un costo de $500, y puede adquirirse esta semana (martes a jueves) en la boleter\u00eda del Teatro Oficial Juan de Vera, en el horario de 9 a 12. En tanto, desde el lunes pr\u00f3ximo, la comercializaci\u00f3n en este mismo lugar se realizar\u00e1 en el horario de la ma\u00f1ana, y [&hellip;]<\/p>\n","protected":false},"author":3,"featured_media":51916,"comment_status":"open","ping_status":"open","sticky":false,"template":"","format":"standard","meta":{"footnotes":""},"categories":[10,11],"tags":[136],"class_list":["post-51915","post","type-post","status-publish","format-standard","has-post-thumbnail","hentry","category-provinciales","category-sociedad","tag-destacados"],"_links":{"self":[{"href":"http:\/\/informateesquina.com\/index.php?rest_route=\/wp\/v2\/posts\/51915","targetHints":{"allow":["GET"]}}],"collection":[{"href":"http:\/\/informateesquina.com\/index.php?rest_route=\/wp\/v2\/posts"}],"about":[{"href":"http:\/\/informateesquina.com\/index.php?rest_route=\/wp\/v2\/types\/post"}],"author":[{"embeddable":true,"href":"http:\/\/informateesquina.com\/index.php?rest_route=\/wp\/v2\/users\/3"}],"replies":[{"embeddable":true,"href":"http:\/\/informateesquina.com\/index.php?rest_route=%2Fwp%2Fv2%2Fcomments&post=51915"}],"version-history":[{"count":0,"href":"http:\/\/informateesquina.com\/index.php?rest_route=\/wp\/v2\/posts\/51915\/revisions"}],"wp:featuredmedia":[{"embeddable":true,"href":"http:\/\/informateesquina.com\/index.php?rest_route=\/wp\/v2\/media\/51916"}],"wp:attachment":[{"href":"http:\/\/informateesquina.com\/index.php?rest_route=%2Fwp%2Fv2%2Fmedia&parent=51915"}],"wp:term":[{"taxonomy":"category","embeddable":true,"href":"http:\/\/informateesquina.com\/index.php?rest_route=%2Fwp%2Fv2%2Fcategories&post=51915"},{"taxonomy":"post_tag","embeddable":true,"href":"http:\/\/informateesquina.com\/index.php?rest_route=%2Fwp%2Fv2%2Ftags&post=51915"}],"curies":[{"name":"wp","href":"https:\/\/api.w.org\/{rel}","templated":true}]}}