{"id":51926,"date":"2021-12-28T00:04:55","date_gmt":"2021-12-28T03:04:55","guid":{"rendered":"https:\/\/informateesquina.com\/?p=51926"},"modified":"2021-12-28T00:05:43","modified_gmt":"2021-12-28T03:05:43","slug":"preparan-desfile-nautico-chamamecero-de-la-virgen-peregrina-de-itati","status":"publish","type":"post","link":"http:\/\/informateesquina.com\/?p=51926","title":{"rendered":"Preparan desfile n\u00e1utico chamamecero de la Virgen Peregrina de Itat\u00ed"},"content":{"rendered":"<header>\n<div>\n<p>Llegar\u00e1 por el r\u00edo Paran\u00e1 y el viernes 14 y s\u00e1bado 15 de enero recorrer\u00e1 distintas instituciones de la ciudad de Corrientes que fueron protagonistas en la lucha contra la pandemia. Finalizar\u00e1 como es tradici\u00f3n en el escenario Osvaldo Sosa Cordero del anfiteatro Mario del Tr\u00e1nsito Cocomarola.<\/p>\n<p>De esta actividad organizada por el Gobierno de la Provincia, a trav\u00e9s del Instituto de Cultura de Corrientes, participan diferentes organismos. Entre ellos, la Municipalidad de la ciudad de Corrientes mediante el personal de Tr\u00e1nsito, Guardia Urbana y del \u00e1rea de playas, la Polic\u00eda de la Provincia de Corrientes, as\u00ed como tambi\u00e9n la Prefectura Naval Argentina, el Arzobispado de Corrientes, la Bas\u00edlica de Itat\u00ed y la Iglesia Catedral.<\/p>\n<p>Se realiz\u00f3 d\u00edas atr\u00e1s una reuni\u00f3n organizativa para terminar de definir el itinerario del desfile n\u00e1utico que contar\u00e1, como todos los a\u00f1os, con la coordinaci\u00f3n de V\u00edctor Zaracho. En esta oportunidad, se resolvi\u00f3 con el Instituto de Cultura de Corrientes llevar adelante un reconocimiento y homenaje a todos los que trabajaron en la pandemia, incluyendo al personal m\u00e9dico del hospital de campa\u00f1a, las fuerzas de seguridad, el personal municipal y el dependiente del Gobierno provincial.<\/p>\n<\/div>\n<div class=\"meta\"><\/div>\n<\/header>\n<section class=\"body\">\n<section class=\"content\">\n<figure class=\"big-column\"><img decoding=\"async\" class=\"pic\" src=\"https:\/\/www.diarioepoca.com\/content\/bucket\/9\/1197999w980h620c.jpg\" alt=\"Preparan desfile n\u00e1utico chamamecero de la Virgen Peregrina de Itat\u00ed\" \/><\/figure>\n<div class=\"main-text\">\n<div class=\"social\">\n<div class=\"share\"><\/div>\n<\/div>\n<p>&nbsp;<\/p>\n<p>RECORRIDO DEL DESFILE<\/p>\n<p>VIERNES 14 DE ENERO<\/p>\n<p>06:30: Salida desde Prefectura hacia Itat\u00ed<\/p>\n<p>07:30: Llegada a la Bas\u00edlica<\/p>\n<p>08:00: Salida desde la Bas\u00edlica<\/p>\n<p>09:00: Llegada de la Virgen de Itat\u00ed a la ciudad de Corrientes (caravana desde el \u00c1guila, por Av. Armenia \u2013 Poncho Verde \u2013 Tucum\u00e1n \u2013 Costanera \u2013 Salta &#8211; Mayo)<\/p>\n<p>10:00: Casa de Gobierno \u2013 Acto con autoridades del Gobierno provincial y del Municipio de Capital\u2013 Entrega de distinci\u00f3n al Gobernador y al Intendente por parte de la Prefectura Naval Argentina (PNA) \u2013 Retreta Chamamecera de la banda de la PNA<\/p>\n<p>11:00: Salida de Casa de Gobierno (por 25 de mayo \u2013 Rioja \u2013 Quintana)<\/p>\n<p>11:15: Caravana pasa por Jefatura de la Polic\u00eda (contin\u00faa por Quintana \u2013 Tucum\u00e1n \u2013 25 de mayo \u2013 Catamarca &#8211; Costanera)<\/p>\n<p>12:00: Finaliza recorrido en Prefectura Naval Argentina \u2013 Capilla Stella Maris<\/p>\n<p>S\u00c1BADO 15 DE ENERO<\/p>\n<p>08:00: Salida desde la Capilla Stella Maris hacia Puerto Corrientes<\/p>\n<p>09:00: Desfile N\u00e1utico Chamamecero: Zarpa desde Puerto Corrientes hacia Puerto Italia \u2013 Cambio de rumbo aguas abajo hacia Playa Arazaty.<\/p>\n<p>10:00: Llegada a Playa Arazaty \u2013 Retreta Chamamecera PNA \u2013<\/p>\n<p>10:30: Caravana por 3 de abril \u2013 Tacuar\u00ed \u2013 Av. Centenario \u2013 Chacabuco \u2013 3 de abril<\/p>\n<p>11:00: Hospital de Campa\u00f1a (la Virgen ingresa al nosocomio a saludar)<\/p>\n<p>11:30: Caravana por Av. Artigas \u2013 San Mart\u00edn \u2013 Mendoza \u2013 Hip\u00f3lito Irigoyen \u2013<\/p>\n<p>12:00: Finaliza recorrido en Iglesia Catedral<\/p>\n<p>20:00: Santa Misa<\/p>\n<p>21:00: Caravana por Irigoyen \u2013 Santa Fe \u2013 Gutenberg \u2013Teniente Ib\u00e1\u00f1ez hacia el anfiteatro Cocomarola.<\/p>\n<p>22:00: Ingreso de la Virgen al anfiteatro Cocomarola por entrada principal hacia escenario Osvaldo Sosa Cordero.<\/p>\n<\/div>\n<p>FUENTE;: DIARIO \u00c9POCA<\/p>\n<\/section>\n<\/section>\n","protected":false},"excerpt":{"rendered":"<p>Llegar\u00e1 por el r\u00edo Paran\u00e1 y el viernes 14 y s\u00e1bado 15 de enero recorrer\u00e1 distintas instituciones de la ciudad de Corrientes que fueron protagonistas en la lucha contra la pandemia. Finalizar\u00e1 como es tradici\u00f3n en el escenario Osvaldo Sosa Cordero del anfiteatro Mario del Tr\u00e1nsito Cocomarola. De esta actividad organizada por el Gobierno de [&hellip;]<\/p>\n","protected":false},"author":3,"featured_media":51927,"comment_status":"open","ping_status":"open","sticky":false,"template":"","format":"standard","meta":{"footnotes":""},"categories":[10,11],"tags":[],"class_list":["post-51926","post","type-post","status-publish","format-standard","has-post-thumbnail","hentry","category-provinciales","category-sociedad"],"_links":{"self":[{"href":"http:\/\/informateesquina.com\/index.php?rest_route=\/wp\/v2\/posts\/51926","targetHints":{"allow":["GET"]}}],"collection":[{"href":"http:\/\/informateesquina.com\/index.php?rest_route=\/wp\/v2\/posts"}],"about":[{"href":"http:\/\/informateesquina.com\/index.php?rest_route=\/wp\/v2\/types\/post"}],"author":[{"embeddable":true,"href":"http:\/\/informateesquina.com\/index.php?rest_route=\/wp\/v2\/users\/3"}],"replies":[{"embeddable":true,"href":"http:\/\/informateesquina.com\/index.php?rest_route=%2Fwp%2Fv2%2Fcomments&post=51926"}],"version-history":[{"count":0,"href":"http:\/\/informateesquina.com\/index.php?rest_route=\/wp\/v2\/posts\/51926\/revisions"}],"wp:featuredmedia":[{"embeddable":true,"href":"http:\/\/informateesquina.com\/index.php?rest_route=\/wp\/v2\/media\/51927"}],"wp:attachment":[{"href":"http:\/\/informateesquina.com\/index.php?rest_route=%2Fwp%2Fv2%2Fmedia&parent=51926"}],"wp:term":[{"taxonomy":"category","embeddable":true,"href":"http:\/\/informateesquina.com\/index.php?rest_route=%2Fwp%2Fv2%2Fcategories&post=51926"},{"taxonomy":"post_tag","embeddable":true,"href":"http:\/\/informateesquina.com\/index.php?rest_route=%2Fwp%2Fv2%2Ftags&post=51926"}],"curies":[{"name":"wp","href":"https:\/\/api.w.org\/{rel}","templated":true}]}}