{"id":51929,"date":"2021-12-28T00:07:08","date_gmt":"2021-12-28T03:07:08","guid":{"rendered":"https:\/\/informateesquina.com\/?p=51929"},"modified":"2021-12-28T00:07:08","modified_gmt":"2021-12-28T03:07:08","slug":"turismo-interno-saladas-presento-la-20a-fiesta-regional-de-la-sandia","status":"publish","type":"post","link":"http:\/\/informateesquina.com\/?p=51929","title":{"rendered":"Turismo Interno: Saladas present\u00f3 la 20\u00aa Fiesta Regional de la Sand\u00eda"},"content":{"rendered":"<section class=\"body\">\n<section class=\"content\">\n<figure class=\"big-column\"><img decoding=\"async\" class=\"pic\" src=\"https:\/\/www.diarioepoca.com\/content\/bucket\/1\/1197221w980h620c.jpg\" alt=\"Saladas present\u00f3 la 20\u00aa Fiesta Regional de la Sand\u00eda\" \/><\/figure>\n<div class=\"main-text\">\n<div class=\"social\">\n<div class=\"share\"><\/div>\n<\/div>\n<p>El Director de Educaci\u00f3n y Cultura, Licenciado Walter Marcelo Vega, realiz\u00f3 la presentaci\u00f3n y moderaci\u00f3n de la conferencia iniciada pasadas las 11 horas.<\/p>\n<p>La fiesta contar\u00e1 con la gran competencia a la sand\u00eda m\u00e1s pesada, elecci\u00f3n de la reina y desfile de grandes artistas chamameceros y tropicales, con la animaci\u00f3n ser\u00e1 del reconocido Ram\u00f3n &#8220;Pampa&#8221; Ben\u00edtez y otros colegas de la zona.<\/p>\n<p>El empresario Jos\u00e9 Batalla, conocido directamente como &#8220;Batallita&#8221;, agradeci\u00f3 primeramente al Intendente Noel G\u00f3mez por apoyar &#8220;esto que es de todos, porque la regi\u00f3n se caracteriza por la producci\u00f3n sandiera, ya que es algo que viene de tradici\u00f3n familiar&#8221;.<\/p>\n<p>&#8220;Invitamos a los productores y familias de la regi\u00f3n a compartir en la Bailanta del Pueblo, cuid\u00e1ndonos y con todas las comodidades que ofrecemos&#8221;, agreg\u00f3.<\/p>\n<p>A su turno, el mandatario comunal cerr\u00f3 la presentaci\u00f3n remarcando la importancia y el &#8220;el honor que representa desde el municipio, acompa\u00f1ar esta iniciativa que viene del sector privado y productivo. Esto nos permitir\u00e1 potenciar y propiciar el desarrollo productivo, uno de nuestros ejes principales&#8221;.<\/p>\n<p>Y en la misma l\u00ednea, sostuvo que &#8220;permitir\u00e1 seguir posicionando a nuestra localidad como una de las productoras principales de sand\u00eda, no solo desde la producci\u00f3n, tambi\u00e9n desde la parte cultural&#8221;.<\/p>\n<\/div>\n<\/section>\n<\/section>\n","protected":false},"excerpt":{"rendered":"<p>El Director de Educaci\u00f3n y Cultura, Licenciado Walter Marcelo Vega, realiz\u00f3 la presentaci\u00f3n y moderaci\u00f3n de la conferencia iniciada pasadas las 11 horas. La fiesta contar\u00e1 con la gran competencia a la sand\u00eda m\u00e1s pesada, elecci\u00f3n de la reina y desfile de grandes artistas chamameceros y tropicales, con la animaci\u00f3n ser\u00e1 del reconocido Ram\u00f3n &#8220;Pampa&#8221; [&hellip;]<\/p>\n","protected":false},"author":3,"featured_media":51930,"comment_status":"open","ping_status":"open","sticky":false,"template":"","format":"standard","meta":{"footnotes":""},"categories":[10,11],"tags":[],"class_list":["post-51929","post","type-post","status-publish","format-standard","has-post-thumbnail","hentry","category-provinciales","category-sociedad"],"_links":{"self":[{"href":"http:\/\/informateesquina.com\/index.php?rest_route=\/wp\/v2\/posts\/51929","targetHints":{"allow":["GET"]}}],"collection":[{"href":"http:\/\/informateesquina.com\/index.php?rest_route=\/wp\/v2\/posts"}],"about":[{"href":"http:\/\/informateesquina.com\/index.php?rest_route=\/wp\/v2\/types\/post"}],"author":[{"embeddable":true,"href":"http:\/\/informateesquina.com\/index.php?rest_route=\/wp\/v2\/users\/3"}],"replies":[{"embeddable":true,"href":"http:\/\/informateesquina.com\/index.php?rest_route=%2Fwp%2Fv2%2Fcomments&post=51929"}],"version-history":[{"count":0,"href":"http:\/\/informateesquina.com\/index.php?rest_route=\/wp\/v2\/posts\/51929\/revisions"}],"wp:featuredmedia":[{"embeddable":true,"href":"http:\/\/informateesquina.com\/index.php?rest_route=\/wp\/v2\/media\/51930"}],"wp:attachment":[{"href":"http:\/\/informateesquina.com\/index.php?rest_route=%2Fwp%2Fv2%2Fmedia&parent=51929"}],"wp:term":[{"taxonomy":"category","embeddable":true,"href":"http:\/\/informateesquina.com\/index.php?rest_route=%2Fwp%2Fv2%2Fcategories&post=51929"},{"taxonomy":"post_tag","embeddable":true,"href":"http:\/\/informateesquina.com\/index.php?rest_route=%2Fwp%2Fv2%2Ftags&post=51929"}],"curies":[{"name":"wp","href":"https:\/\/api.w.org\/{rel}","templated":true}]}}