{"id":51940,"date":"2021-12-28T21:59:29","date_gmt":"2021-12-29T00:59:29","guid":{"rendered":"https:\/\/informateesquina.com\/?p=51940"},"modified":"2021-12-29T16:14:26","modified_gmt":"2021-12-29T19:14:26","slug":"virasoro-murio-la-joven-de-18-anos-que-fue-atacada-por-su-pareja-de-55","status":"publish","type":"post","link":"http:\/\/informateesquina.com\/?p=51940","title":{"rendered":"Virasoro: Muri\u00f3 la joven de 18 a\u00f1os que fue atacada por su pareja de 55"},"content":{"rendered":"<h1><span style=\"color: #333333; font-size: 15px;\">El violento hecho ocurri\u00f3 en la localidad de Virasoro, donde un hombre de 55 a\u00f1os atac\u00f3 con un cuchillo a su pareja de 18 a\u00f1os y a la madre de esta de 53 a\u00f1os. El hombre se quit\u00f3 la vida y horas m\u00e1s tarde falleci\u00f3 la joven.\u00a0<\/span><\/h1>\n<div class=\"fotos-y-videos\">\n<p>&nbsp;<\/p>\n<div class=\"tab-content\">\n<div id=\"fotos\" class=\"tab-pane fade in active\" role=\"tabpanel\"><a class=\"fotos-desarrollo unlink\" title=\"Muri\u00f3 la joven de 18 a\u00f1os que fue atacada por su pareja de 55 \" href=\"https:\/\/www.radiosudamericana.com\/notix\/multimedia\/imagenes\/fotos\/2021-12-28\/893034.jpg\"><img loading=\"lazy\" decoding=\"async\" class=\"img-responsive lazyload center-block\" src=\"https:\/\/www.radiosudamericana.com\/notix\/multimedia\/imagenes\/fotos\/2021-12-28\/893034.jpg_nota.jpg\" alt=\"Muri\u00f3 la joven de 18 a\u00f1os que fue atacada por su pareja de 55 \" width=\"700\" height=\"393\" \/><\/a><\/div>\n<\/div>\n<\/div>\n<p>&nbsp;<\/p>\n<div class=\"cuerpo\">\n<p>El dram\u00e1tico hecho ocurri\u00f3 en la localidad de Virasoro, cuando un hombre de 55 a\u00f1os, identificado con el apellido Conrado, atac\u00f3 con un cuchillo a su pareja de 18 y a la madre de esta, de 53 a\u00f1os.<\/p>\n<p>Tras la feroz agresi\u00f3n, el hombre se suicid\u00f3 con\u00a0el mismo cuchillo que utiliz\u00f3 para el ataque.<\/p>\n<p>Debido a la gravedad de las heridas, la joven de 18 a\u00f1os, identificada como Silvia Portillo,\u00a0termin\u00f3 falleciendo horas despu\u00e9s. En tanto que la mujer de 53, identificada como Paula Billordo, sigue en estado delicado.<\/p>\n<\/div>\n<p>Fuente: Radio Sudamericana<\/p>\n","protected":false},"excerpt":{"rendered":"<p>El violento hecho ocurri\u00f3 en la localidad de Virasoro, donde un hombre de 55 a\u00f1os atac\u00f3 con un cuchillo a su pareja de 18 a\u00f1os y a la madre de esta de 53 a\u00f1os. El hombre se quit\u00f3 la vida y horas m\u00e1s tarde falleci\u00f3 la joven.\u00a0 &nbsp; &nbsp; El dram\u00e1tico hecho ocurri\u00f3 en la [&hellip;]<\/p>\n","protected":false},"author":3,"featured_media":51941,"comment_status":"open","ping_status":"open","sticky":false,"template":"","format":"standard","meta":{"footnotes":""},"categories":[8,10,11],"tags":[],"class_list":["post-51940","post","type-post","status-publish","format-standard","has-post-thumbnail","hentry","category-policiales","category-provinciales","category-sociedad"],"_links":{"self":[{"href":"http:\/\/informateesquina.com\/index.php?rest_route=\/wp\/v2\/posts\/51940","targetHints":{"allow":["GET"]}}],"collection":[{"href":"http:\/\/informateesquina.com\/index.php?rest_route=\/wp\/v2\/posts"}],"about":[{"href":"http:\/\/informateesquina.com\/index.php?rest_route=\/wp\/v2\/types\/post"}],"author":[{"embeddable":true,"href":"http:\/\/informateesquina.com\/index.php?rest_route=\/wp\/v2\/users\/3"}],"replies":[{"embeddable":true,"href":"http:\/\/informateesquina.com\/index.php?rest_route=%2Fwp%2Fv2%2Fcomments&post=51940"}],"version-history":[{"count":0,"href":"http:\/\/informateesquina.com\/index.php?rest_route=\/wp\/v2\/posts\/51940\/revisions"}],"wp:featuredmedia":[{"embeddable":true,"href":"http:\/\/informateesquina.com\/index.php?rest_route=\/wp\/v2\/media\/51941"}],"wp:attachment":[{"href":"http:\/\/informateesquina.com\/index.php?rest_route=%2Fwp%2Fv2%2Fmedia&parent=51940"}],"wp:term":[{"taxonomy":"category","embeddable":true,"href":"http:\/\/informateesquina.com\/index.php?rest_route=%2Fwp%2Fv2%2Fcategories&post=51940"},{"taxonomy":"post_tag","embeddable":true,"href":"http:\/\/informateesquina.com\/index.php?rest_route=%2Fwp%2Fv2%2Ftags&post=51940"}],"curies":[{"name":"wp","href":"https:\/\/api.w.org\/{rel}","templated":true}]}}