{"id":51946,"date":"2021-12-28T22:45:48","date_gmt":"2021-12-29T01:45:48","guid":{"rendered":"https:\/\/informateesquina.com\/?p=51946"},"modified":"2021-12-28T22:46:16","modified_gmt":"2021-12-29T01:46:16","slug":"turismo-trabajamos-bien-los-ultimos-6-meses-esperamos-seguir-asi","status":"publish","type":"post","link":"http:\/\/informateesquina.com\/?p=51946","title":{"rendered":"Turismo: &#8220;Trabajamos bien los \u00faltimos 6 meses, esperamos seguir as\u00ed&#8221;"},"content":{"rendered":"<div class=\"fotos-y-videos\"><\/div>\n<div class=\"cuerpo\">\n<p>El subsecretario de Promoci\u00f3n e Inversiones Tur\u00edsticas,\u00a0Klaus Liebig, visit\u00f3 los estudios de Radio Sudamericana y habl\u00f3 sobre la situaci\u00f3n pand\u00e9mica y el turismo en la provincia. Por otra parte, record\u00f3 que a partir del 1 de enero todos los que ingresen a la provincia deber\u00e1n presentar su pase sanitario.<\/p>\n<p>\u201cEstamos atentos a c\u00f3mo se va moviendo la ola de contagios, tambi\u00e9n a los anuncios nacionales, pero hasta ahora pinta muy bien ya hay muchas reservas en todas las localidades que bordean el R\u00edo Paran\u00e1. Tambi\u00e9n en localidades como los Esteros del Iber\u00e1. Despu\u00e9s del 15 de febrero arranca m\u00e1s fuerte la temporada de los Esteros y de la pesca\u201d, dijo.<\/p>\n<p>&nbsp;<\/p>\n<div id=\"embeds\" class=\"inser center-block\"><iframe loading=\"lazy\" title=\"YouTube video player\" src=\"https:\/\/www.youtube.com\/embed\/Pt99b9Zk2KQ\" width=\"640\" height=\"400\" frameborder=\"0\" allowfullscreen=\"allowfullscreen\" data-mce-fragment=\"1\"><\/iframe><\/div>\n<p>&nbsp;<\/p>\n<p>\u201cEstos \u00faltimos 6 meses se trabaj\u00f3 bien y esperemos este verano seguir por ese camino. No tratar de recuperar todo lo que se perdi\u00f3 en una temporada pero s\u00ed que el turista se anime a salir, que se sienta cuidado\u201d, expres\u00f3.<\/p>\n<p>Liebig habl\u00f3 de los precios y explic\u00f3 que \u201chubo que acomodarse con la inflaci\u00f3n\u201d. \u201cLo que muchos hoteleros nos dec\u00edan es que no est\u00e1n haciendo muchas inversiones, s\u00ed algunos arreglos pero no grandes cambios porque est\u00e1n con el temor de que se vuelva a cerrar todo de nuevo. Entonces hay que ver la calidad del servicio en cuanto al precio\u201d, dijo. Tambi\u00e9n subray\u00f3 la importancia de no mentirle al turista con las promociones, para que vuelva.<\/p>\n<\/div>\n","protected":false},"excerpt":{"rendered":"<p>El subsecretario de Promoci\u00f3n e Inversiones Tur\u00edsticas,\u00a0Klaus Liebig, visit\u00f3 los estudios de Radio Sudamericana y habl\u00f3 sobre la situaci\u00f3n pand\u00e9mica y el turismo en la provincia. Por otra parte, record\u00f3 que a partir del 1 de enero todos los que ingresen a la provincia deber\u00e1n presentar su pase sanitario. \u201cEstamos atentos a c\u00f3mo se va [&hellip;]<\/p>\n","protected":false},"author":3,"featured_media":51947,"comment_status":"open","ping_status":"open","sticky":false,"template":"","format":"standard","meta":{"footnotes":""},"categories":[9,11],"tags":[],"class_list":["post-51946","post","type-post","status-publish","format-standard","has-post-thumbnail","hentry","category-politica","category-sociedad"],"_links":{"self":[{"href":"http:\/\/informateesquina.com\/index.php?rest_route=\/wp\/v2\/posts\/51946","targetHints":{"allow":["GET"]}}],"collection":[{"href":"http:\/\/informateesquina.com\/index.php?rest_route=\/wp\/v2\/posts"}],"about":[{"href":"http:\/\/informateesquina.com\/index.php?rest_route=\/wp\/v2\/types\/post"}],"author":[{"embeddable":true,"href":"http:\/\/informateesquina.com\/index.php?rest_route=\/wp\/v2\/users\/3"}],"replies":[{"embeddable":true,"href":"http:\/\/informateesquina.com\/index.php?rest_route=%2Fwp%2Fv2%2Fcomments&post=51946"}],"version-history":[{"count":0,"href":"http:\/\/informateesquina.com\/index.php?rest_route=\/wp\/v2\/posts\/51946\/revisions"}],"wp:featuredmedia":[{"embeddable":true,"href":"http:\/\/informateesquina.com\/index.php?rest_route=\/wp\/v2\/media\/51947"}],"wp:attachment":[{"href":"http:\/\/informateesquina.com\/index.php?rest_route=%2Fwp%2Fv2%2Fmedia&parent=51946"}],"wp:term":[{"taxonomy":"category","embeddable":true,"href":"http:\/\/informateesquina.com\/index.php?rest_route=%2Fwp%2Fv2%2Fcategories&post=51946"},{"taxonomy":"post_tag","embeddable":true,"href":"http:\/\/informateesquina.com\/index.php?rest_route=%2Fwp%2Fv2%2Ftags&post=51946"}],"curies":[{"name":"wp","href":"https:\/\/api.w.org\/{rel}","templated":true}]}}