{"id":51950,"date":"2021-12-29T17:41:32","date_gmt":"2021-12-29T20:41:32","guid":{"rendered":"https:\/\/informateesquina.com\/?p=51950"},"modified":"2021-12-29T17:41:32","modified_gmt":"2021-12-29T20:41:32","slug":"confirmaron-fecha-del-juicio-oral-en-la-causa-de-robo-a-familia-esquinense","status":"publish","type":"post","link":"http:\/\/informateesquina.com\/?p=51950","title":{"rendered":"Confirmaron fecha del juicio oral en la causa de robo a familia esquinense"},"content":{"rendered":"<p>El mismo se realizar\u00e1 en Goya los d\u00edas 23, 24 y 25 de febrero, all\u00ed tres imputados van a<br \/>\njuicio oral por robo agravado por el uso de arma de fuego.<\/p>\n<p>Seg\u00fan informaci\u00f3n brindada a Actualidad Esquina ser\u00e1 en el Tribunal de juicio<br \/>\nintegrado por los doctores Jorge Carbone y Julio \u00c1ngel Duarte y Ricardo<br \/>\nDiego Carbajal. La causa en la que se investiga el robo a un abogado en agosto<br \/>\npasado, fue elevada a juicio con tres acusados, uno de ellos con tobillera electr\u00f3nica y<br \/>\nlos otros esperan en libertad el juicio.<\/p>\n<p>El hecho ocurri\u00f3 el 15 de agosto de 2021 cuando Jos\u00e9 Fern\u00e1ndez Codazzi y su pareja,<br \/>\nfueron golpeados y maniatados en su casa de calle Jos\u00e9 Hern\u00e1ndez 870.<\/p>\n<p>En la investigaci\u00f3n a cargo del fiscal Javier Mosquera, personal de comisar\u00eda primera<br \/>\nen conjunto con la Direcci\u00f3n de Delitos Complejos de la capital correntina detuvieron<br \/>\na tres personas de 31, 23 y 17 a\u00f1os sindicados como supuestos autores de hecho que<br \/>\ngener\u00f3 conmoci\u00f3n en Esquina. En la defensa t\u00e9cnica de los acusados estar\u00e1n los<br \/>\ndoctores Carlos Coria, Luciana Mendoza \u2013 Jos\u00e9 Guti\u00e9rrez y Mariano Torres \u2013 Sotelo,<br \/>\ntodos de Esquina.<\/p>\n<p>Un hermano de la v\u00edctima relat\u00f3 que \u201cactuaron con m<br \/>\ndinero. Revolvieron los muebles, rompieron cosas y g<br \/>\nde casa. Amenazaron con matar a su pareja y a sus hi<br \/>\noreja con un cuchillo\u201d. A\u00f1adi\u00f3 que \u201cluego de dos hora<br \/>\ndelincuentes escaparon por la zona del r\u00edo\u201d.<\/p>\n<p>FUENTE: Actualidad Esquina<\/p>\n","protected":false},"excerpt":{"rendered":"<p>El mismo se realizar\u00e1 en Goya los d\u00edas 23, 24 y 25 de febrero, all\u00ed tres imputados van a juicio oral por robo agravado por el uso de arma de fuego. Seg\u00fan informaci\u00f3n brindada a Actualidad Esquina ser\u00e1 en el Tribunal de juicio integrado por los doctores Jorge Carbone y Julio \u00c1ngel Duarte y Ricardo [&hellip;]<\/p>\n","protected":false},"author":3,"featured_media":51951,"comment_status":"open","ping_status":"open","sticky":false,"template":"","format":"standard","meta":{"footnotes":""},"categories":[6,8,11],"tags":[],"class_list":["post-51950","post","type-post","status-publish","format-standard","has-post-thumbnail","hentry","category-locales","category-policiales","category-sociedad"],"_links":{"self":[{"href":"http:\/\/informateesquina.com\/index.php?rest_route=\/wp\/v2\/posts\/51950","targetHints":{"allow":["GET"]}}],"collection":[{"href":"http:\/\/informateesquina.com\/index.php?rest_route=\/wp\/v2\/posts"}],"about":[{"href":"http:\/\/informateesquina.com\/index.php?rest_route=\/wp\/v2\/types\/post"}],"author":[{"embeddable":true,"href":"http:\/\/informateesquina.com\/index.php?rest_route=\/wp\/v2\/users\/3"}],"replies":[{"embeddable":true,"href":"http:\/\/informateesquina.com\/index.php?rest_route=%2Fwp%2Fv2%2Fcomments&post=51950"}],"version-history":[{"count":0,"href":"http:\/\/informateesquina.com\/index.php?rest_route=\/wp\/v2\/posts\/51950\/revisions"}],"wp:featuredmedia":[{"embeddable":true,"href":"http:\/\/informateesquina.com\/index.php?rest_route=\/wp\/v2\/media\/51951"}],"wp:attachment":[{"href":"http:\/\/informateesquina.com\/index.php?rest_route=%2Fwp%2Fv2%2Fmedia&parent=51950"}],"wp:term":[{"taxonomy":"category","embeddable":true,"href":"http:\/\/informateesquina.com\/index.php?rest_route=%2Fwp%2Fv2%2Fcategories&post=51950"},{"taxonomy":"post_tag","embeddable":true,"href":"http:\/\/informateesquina.com\/index.php?rest_route=%2Fwp%2Fv2%2Ftags&post=51950"}],"curies":[{"name":"wp","href":"https:\/\/api.w.org\/{rel}","templated":true}]}}