{"id":51973,"date":"2021-12-30T00:00:20","date_gmt":"2021-12-30T03:00:20","guid":{"rendered":"https:\/\/informateesquina.com\/?p=51973"},"modified":"2021-12-30T00:00:20","modified_gmt":"2021-12-30T03:00:20","slug":"pinamar-correntina-volco-con-un-cuatriciclo-y-murio-aplastada","status":"publish","type":"post","link":"http:\/\/informateesquina.com\/?p=51973","title":{"rendered":"Pinamar: correntina volc\u00f3 con un cuatriciclo y muri\u00f3 aplastada"},"content":{"rendered":"<div>\n<p class=\"copete\"><a class=\"fotos-desarrollo unlink\" title=\"Pinamar: correntina volc\u00f3 con un cuatriciclo y muri\u00f3 aplastada\" href=\"https:\/\/www.radiosudamericana.com\/notix\/multimedia\/imagenes\/fotos\/2021-12-29\/875412.png\"><img loading=\"lazy\" decoding=\"async\" class=\"img-responsive lazyload center-block\" src=\"https:\/\/www.radiosudamericana.com\/notix\/multimedia\/imagenes\/fotos\/2021-12-29\/875412.png_nota.png\" alt=\"Pinamar: correntina volc\u00f3 con un cuatriciclo y muri\u00f3 aplastada\" width=\"700\" height=\"393\" \/><\/a><\/p>\n<\/div>\n<p>&nbsp;<\/p>\n<div class=\"cuerpo\">\n<p>Una nueva\u00a0tragedia\u00a0con\u00a0un\u00a0cuatriciclo\u00a0ocurri\u00f3 en las \u00faltimas horas en\u00a0Pinamar,\u00a0luego de que una mujer muriera al\u00a0caerle encima\u00a0el veh\u00edculo que manejaba por los\u00a0m\u00e9danos de Pinamar.<\/p>\n<p>La v\u00edctima de\u00a033 a\u00f1os viajaba sin casco,\u00a0aunque en estos momentos se busca determinar si estaba en compa\u00f1\u00eda de\u00a0otras personas a bordo\u00a0del veh\u00edculo.<\/p>\n<p>&nbsp;<\/p>\n<div id=\"embeds\" class=\"inser center-block\"><iframe loading=\"lazy\" title=\"YouTube video player\" src=\"https:\/\/www.youtube.com\/embed\/J9nadIu5dgA\" width=\"560\" height=\"315\" frameborder=\"0\" allowfullscreen=\"allowfullscreen\" data-mce-fragment=\"1\"><\/iframe><\/div>\n<p>&nbsp;<\/p>\n<p>El hecho sucedi\u00f3 en la\u00a0Segunda Olla,\u00a0un lugar privado que se encuentra en\u00a0Pinamar Norte.\u00a0All\u00ed la joven se encontraba realizando\u00a0maniobras de destreza\u00a0con su cuatriciclo, cuando el veh\u00edculo se dio vuelta y cay\u00f3 sobre la v\u00edctima, que\u00a0falleci\u00f3 en el acto.<\/p>\n<p><a class=\"fotos-desarrollo unlink\" title=\"Pinamar: correntina volc\u00f3 con un cuatriciclo y muri\u00f3 aplastada\" href=\"https:\/\/www.radiosudamericana.com\/notix\/multimedia\/imagenes\/fotos\/2021-12-29\/860565.jpg\"><img decoding=\"async\" class=\"img-responsive\" src=\"https:\/\/www.radiosudamericana.com\/notix\/multimedia\/imagenes\/fotos\/2021-12-29\/860565.jpg_nota.jpg\" \/><\/a><\/p>\n<p>Seg\u00fan el\u00a0parte policial\u00a0la joven de 33 a\u00f1os circulaba sola, pero distintas versiones de testigos afirman que lo hac\u00eda junto a\u00a0otras tres o cuatro\u00a0personas, entre ellas\u00a0dos menores.\u00a0Luego del tr\u00e1gico accidente, estas otras personas se habr\u00edan ido hacia el\u00a0campamento\u00a0en el que se encuentran alojadas, a un costado de la playa.<\/p>\n<p>Siempre de acuerdo a las versiones de los testigos, cuando la ambulancia lleg\u00f3 al lugar se les inform\u00f3 a los m\u00e9dicos que adem\u00e1s de la fallecida hab\u00eda\u00a0tres heridos.\u00a0Por eso los profesionales de la salud se desplazaron hasta el campamento para auxiliar a los lesionados, que luego fueron trasladados a un\u00a0hospital\u00a0de la zona.<\/p>\n<p><a class=\"fotos-desarrollo unlink\" title=\"Pinamar: correntina volc\u00f3 con un cuatriciclo y muri\u00f3 aplastada\" href=\"https:\/\/www.radiosudamericana.com\/notix\/multimedia\/imagenes\/fotos\/2021-12-29\/889722.jpeg\"><img decoding=\"async\" class=\"img-responsive\" src=\"https:\/\/www.radiosudamericana.com\/notix\/multimedia\/imagenes\/fotos\/2021-12-29\/889722.jpeg_nota.jpeg\" \/><\/a><\/p>\n<p>En el lugar donde ocurri\u00f3 la tragedia suelen transitar\u00a0muchos cuatriciclos, jeeps y camionetas 4&#215;4,\u00a0porque hay m\u00e9danos y tambi\u00e9n una playa m\u00e1s amplia. All\u00ed se arman carpas tipo gazebo, porque es una playa que no tiene el entramado de carpas que se observa en los balnearios que est\u00e1n m\u00e1s hacia el centro de la ciudad.<\/p>\n<p><strong>CON INFORMACI\u00d3N DE\u00a0 TN NOTICIAS Y CR\u00d3NICA<\/strong><\/p>\n<\/div>\n","protected":false},"excerpt":{"rendered":"<p>&nbsp; Una nueva\u00a0tragedia\u00a0con\u00a0un\u00a0cuatriciclo\u00a0ocurri\u00f3 en las \u00faltimas horas en\u00a0Pinamar,\u00a0luego de que una mujer muriera al\u00a0caerle encima\u00a0el veh\u00edculo que manejaba por los\u00a0m\u00e9danos de Pinamar. La v\u00edctima de\u00a033 a\u00f1os viajaba sin casco,\u00a0aunque en estos momentos se busca determinar si estaba en compa\u00f1\u00eda de\u00a0otras personas a bordo\u00a0del veh\u00edculo. &nbsp; &nbsp; El hecho sucedi\u00f3 en la\u00a0Segunda Olla,\u00a0un lugar privado que [&hellip;]<\/p>\n","protected":false},"author":3,"featured_media":51974,"comment_status":"open","ping_status":"open","sticky":false,"template":"","format":"standard","meta":{"footnotes":""},"categories":[8,11],"tags":[],"class_list":["post-51973","post","type-post","status-publish","format-standard","has-post-thumbnail","hentry","category-policiales","category-sociedad"],"_links":{"self":[{"href":"http:\/\/informateesquina.com\/index.php?rest_route=\/wp\/v2\/posts\/51973","targetHints":{"allow":["GET"]}}],"collection":[{"href":"http:\/\/informateesquina.com\/index.php?rest_route=\/wp\/v2\/posts"}],"about":[{"href":"http:\/\/informateesquina.com\/index.php?rest_route=\/wp\/v2\/types\/post"}],"author":[{"embeddable":true,"href":"http:\/\/informateesquina.com\/index.php?rest_route=\/wp\/v2\/users\/3"}],"replies":[{"embeddable":true,"href":"http:\/\/informateesquina.com\/index.php?rest_route=%2Fwp%2Fv2%2Fcomments&post=51973"}],"version-history":[{"count":0,"href":"http:\/\/informateesquina.com\/index.php?rest_route=\/wp\/v2\/posts\/51973\/revisions"}],"wp:featuredmedia":[{"embeddable":true,"href":"http:\/\/informateesquina.com\/index.php?rest_route=\/wp\/v2\/media\/51974"}],"wp:attachment":[{"href":"http:\/\/informateesquina.com\/index.php?rest_route=%2Fwp%2Fv2%2Fmedia&parent=51973"}],"wp:term":[{"taxonomy":"category","embeddable":true,"href":"http:\/\/informateesquina.com\/index.php?rest_route=%2Fwp%2Fv2%2Fcategories&post=51973"},{"taxonomy":"post_tag","embeddable":true,"href":"http:\/\/informateesquina.com\/index.php?rest_route=%2Fwp%2Fv2%2Ftags&post=51973"}],"curies":[{"name":"wp","href":"https:\/\/api.w.org\/{rel}","templated":true}]}}