{"id":51976,"date":"2021-12-30T00:01:14","date_gmt":"2021-12-30T03:01:14","guid":{"rendered":"https:\/\/informateesquina.com\/?p=51976"},"modified":"2021-12-30T00:08:30","modified_gmt":"2021-12-30T03:08:30","slug":"incendio-bombero-termino-con-quemadura-en-brazos-y-piernas","status":"publish","type":"post","link":"http:\/\/informateesquina.com\/?p=51976","title":{"rendered":"Incendio: bombero termin\u00f3 con quemaduras en brazos y piernas"},"content":{"rendered":"<div>\n<p class=\"copete\">El Director de Defensa Civil de la provincia, Eulogio M\u00e1rquez\u00a0 coment\u00f3 a Radio Sudamericana que distintos cuarteles de bomberos trabajaban en sofocar un incendio en cercan\u00edas a Guavirab\u00ed cuando ocurri\u00f3 un accidente.<\/p>\n<\/div>\n<div class=\"cuerpo\">\n<p>\u201cYapey\u00fa estaba con su personal ocupado entonces concurri\u00f3 el presidente de la Asociacion de Bomberos conduciendo el veh\u00edculo y lamentablemente termin\u00f3 con importantes quemaduras \u00a0en los brazos y piernas\u201d, se\u00f1al\u00f3.<\/p>\n<\/div>\n","protected":false},"excerpt":{"rendered":"<p>El Director de Defensa Civil de la provincia, Eulogio M\u00e1rquez\u00a0 coment\u00f3 a Radio Sudamericana que distintos cuarteles de bomberos trabajaban en sofocar un incendio en cercan\u00edas a Guavirab\u00ed cuando ocurri\u00f3 un accidente. \u201cYapey\u00fa estaba con su personal ocupado entonces concurri\u00f3 el presidente de la Asociacion de Bomberos conduciendo el veh\u00edculo y lamentablemente termin\u00f3 con importantes [&hellip;]<\/p>\n","protected":false},"author":3,"featured_media":51977,"comment_status":"open","ping_status":"open","sticky":false,"template":"","format":"standard","meta":{"footnotes":""},"categories":[8,10,11],"tags":[],"class_list":["post-51976","post","type-post","status-publish","format-standard","has-post-thumbnail","hentry","category-policiales","category-provinciales","category-sociedad"],"_links":{"self":[{"href":"http:\/\/informateesquina.com\/index.php?rest_route=\/wp\/v2\/posts\/51976","targetHints":{"allow":["GET"]}}],"collection":[{"href":"http:\/\/informateesquina.com\/index.php?rest_route=\/wp\/v2\/posts"}],"about":[{"href":"http:\/\/informateesquina.com\/index.php?rest_route=\/wp\/v2\/types\/post"}],"author":[{"embeddable":true,"href":"http:\/\/informateesquina.com\/index.php?rest_route=\/wp\/v2\/users\/3"}],"replies":[{"embeddable":true,"href":"http:\/\/informateesquina.com\/index.php?rest_route=%2Fwp%2Fv2%2Fcomments&post=51976"}],"version-history":[{"count":0,"href":"http:\/\/informateesquina.com\/index.php?rest_route=\/wp\/v2\/posts\/51976\/revisions"}],"wp:featuredmedia":[{"embeddable":true,"href":"http:\/\/informateesquina.com\/index.php?rest_route=\/wp\/v2\/media\/51977"}],"wp:attachment":[{"href":"http:\/\/informateesquina.com\/index.php?rest_route=%2Fwp%2Fv2%2Fmedia&parent=51976"}],"wp:term":[{"taxonomy":"category","embeddable":true,"href":"http:\/\/informateesquina.com\/index.php?rest_route=%2Fwp%2Fv2%2Fcategories&post=51976"},{"taxonomy":"post_tag","embeddable":true,"href":"http:\/\/informateesquina.com\/index.php?rest_route=%2Fwp%2Fv2%2Ftags&post=51976"}],"curies":[{"name":"wp","href":"https:\/\/api.w.org\/{rel}","templated":true}]}}