{"id":51979,"date":"2021-12-30T00:04:45","date_gmt":"2021-12-30T03:04:45","guid":{"rendered":"https:\/\/informateesquina.com\/?p=51979"},"modified":"2021-12-30T00:04:45","modified_gmt":"2021-12-30T03:04:45","slug":"corrientes-es-la-provincia-con-menos-abortos-legales-practicados-en-el-2-021-cuantos-se-realizaron-en-el-pais","status":"publish","type":"post","link":"http:\/\/informateesquina.com\/?p=51979","title":{"rendered":"Corrientes es la provincia con menos abortos legales practicados en el 2.021: cu\u00e1ntos se realizaron en el pa\u00eds"},"content":{"rendered":"<header>\n<div>\n<p>A un a\u00f1o de la aprobaci\u00f3n de la Ley de Interrupci\u00f3n Voluntaria del Embarazo, hasta el 22 de diciembre se contabilizan 32.758 abortos, legales, seguros, gratuitos e informados en el sistema p\u00fablico de Salud de la Rep\u00fablica Argentina. Si bien cada vez se puede acceder a este derecho de salud reproductiva y sexual en m\u00e1s lugares y hay m\u00e1s profesionales capacitados, Corrientes se ha posicionado como la provincia que menor n\u00famero de pr\u00e1cticas de interrupci\u00f3n voluntaria y legal del embarazo ha llevado a cabo a lo largo del 2.021.<\/p>\n<p>De acuerdo a los registros oficiales del Instituto Nacional de Estad\u00edsticas y Censos (INDEC) y el Ministerio de Salud de la Naci\u00f3n, la tasa de implementaci\u00f3n de protocolo IVE (Interrupci\u00f3n Voluntaria del Embarazo) en nuestra provincia es de 0,6% sobre una poblaci\u00f3n de 1000 mujeres en edad f\u00e9rtil. Los par\u00e1metros fueron tomados durante el lapso de enero a junio del 2.021, con un total de 25.894 interrupciones del embarazo reportadas en el sistema p\u00fablico de salud en condiciones seguras, gratuitas, respetuosas e informadas. Aunque las obras sociales y prepagas tambi\u00e9n est\u00e1n obligadas a cubrir la prestaci\u00f3n -incluida en el Plan M\u00e9dico Obligatorio- todav\u00eda no hay registros.<\/p>\n<\/div>\n<div class=\"meta\"><\/div>\n<\/header>\n<section class=\"body\">\n<section class=\"content\">\n<div class=\"main-text\">\n<div class=\"social\">\n<div class=\"share\"><\/div>\n<\/div>\n<div class=\"center source m_image\">\n<figure><img decoding=\"async\" class=\"source\" src=\"https:\/\/www.lt7noticias.com\/content\/bucket\/2\/15952h1800.jpg\" alt=\"aborto legal.jpg\" \/><\/figure>\n<\/div>\n<p>&nbsp;<\/p>\n<p>Tomando ese total semestral provincial reportado (0,6%) y trasladando la tasa a n\u00fameros fijos, Corrientes report\u00f3 155 abortos legales en los primeros seis meses del a\u00f1o y un aproximado de 194 hasta la tercera semana de diciembre.<\/p>\n<p>Siguiendo la l\u00ednea de los datos oficiales proporcionados por los organismos estatales, paralelamente con Corrientes la distribuci\u00f3n por provincias de la cantidad de abortos es desigual. Si se considera la cantidad de mujeres en edad f\u00e9rtil por provincia, el mayor n\u00famero de abortos se registr\u00f3 en la Ciudad Aut\u00f3noma de Buenos Aires, con 5,6 cada mil mujeres (4.329 durante los primeros seis meses del a\u00f1o), seguida por Tierra del Fuego, donde fue de 4,2. El NEA mantiene \u00edndices similares, siendo que Misiones y Formosa reportan una tasa similar a la correntina de 0,6; Chaco por su parte, registra un \u00edndice de 0,8, el mayor de la regi\u00f3n Nordeste.<\/p>\n<p>CAMBIOS DESDE LA IMPLEMENTACI\u00d3N DE LA IVE<\/p>\n<p>Tras la aprobaci\u00f3n de la Ley 27.610 de Interrupci\u00f3n Voluntaria del Embarazo (IVE) el pasado 30 de diciembre del 2.020 los abortos legales, seguros, gratuitos e informados realizados o monitoreados por el sistema de salud aumentaron 6.456,6% desde el 2015 hasta ahora. Adem\u00e1s, en el 2020 se registraban 903 hospitales p\u00fablicos y centros de salud que atend\u00edan abortos legales, asciendo en el 2021 a un total de 1.243, lo que marca un crecimiento de un 30%.<\/p>\n<div class=\"center source m_image\">\n<figure><img decoding=\"async\" class=\"source\" src=\"https:\/\/www.lt7noticias.com\/content\/bucket\/3\/15953h1800.jpg\" alt=\"tasa de abortos.jpg\" \/><\/figure>\n<\/div>\n<p>Con datos de: INDEC \u2013 Min. De Salud de la Naci\u00f3n \u2013<\/p>\n<div class=\"temas floatFix\">\n<h3><\/h3>\n<\/div>\n<\/div>\n<\/section>\n<\/section>\n","protected":false},"excerpt":{"rendered":"<p>A un a\u00f1o de la aprobaci\u00f3n de la Ley de Interrupci\u00f3n Voluntaria del Embarazo, hasta el 22 de diciembre se contabilizan 32.758 abortos, legales, seguros, gratuitos e informados en el sistema p\u00fablico de Salud de la Rep\u00fablica Argentina. Si bien cada vez se puede acceder a este derecho de salud reproductiva y sexual en m\u00e1s [&hellip;]<\/p>\n","protected":false},"author":3,"featured_media":51980,"comment_status":"open","ping_status":"open","sticky":false,"template":"","format":"standard","meta":{"footnotes":""},"categories":[7,11],"tags":[],"class_list":["post-51979","post","type-post","status-publish","format-standard","has-post-thumbnail","hentry","category-nacionales","category-sociedad"],"_links":{"self":[{"href":"http:\/\/informateesquina.com\/index.php?rest_route=\/wp\/v2\/posts\/51979","targetHints":{"allow":["GET"]}}],"collection":[{"href":"http:\/\/informateesquina.com\/index.php?rest_route=\/wp\/v2\/posts"}],"about":[{"href":"http:\/\/informateesquina.com\/index.php?rest_route=\/wp\/v2\/types\/post"}],"author":[{"embeddable":true,"href":"http:\/\/informateesquina.com\/index.php?rest_route=\/wp\/v2\/users\/3"}],"replies":[{"embeddable":true,"href":"http:\/\/informateesquina.com\/index.php?rest_route=%2Fwp%2Fv2%2Fcomments&post=51979"}],"version-history":[{"count":0,"href":"http:\/\/informateesquina.com\/index.php?rest_route=\/wp\/v2\/posts\/51979\/revisions"}],"wp:featuredmedia":[{"embeddable":true,"href":"http:\/\/informateesquina.com\/index.php?rest_route=\/wp\/v2\/media\/51980"}],"wp:attachment":[{"href":"http:\/\/informateesquina.com\/index.php?rest_route=%2Fwp%2Fv2%2Fmedia&parent=51979"}],"wp:term":[{"taxonomy":"category","embeddable":true,"href":"http:\/\/informateesquina.com\/index.php?rest_route=%2Fwp%2Fv2%2Fcategories&post=51979"},{"taxonomy":"post_tag","embeddable":true,"href":"http:\/\/informateesquina.com\/index.php?rest_route=%2Fwp%2Fv2%2Ftags&post=51979"}],"curies":[{"name":"wp","href":"https:\/\/api.w.org\/{rel}","templated":true}]}}