{"id":52154,"date":"2022-01-07T22:41:23","date_gmt":"2022-01-08T01:41:23","guid":{"rendered":"https:\/\/informateesquina.com\/?p=52154"},"modified":"2022-01-07T22:41:23","modified_gmt":"2022-01-08T01:41:23","slug":"tres-casos-de-omicron-en-la-provincia-de-corrientes","status":"publish","type":"post","link":"http:\/\/informateesquina.com\/?p=52154","title":{"rendered":"Tres casos de \u00d3micron en la provincia de Corrientes"},"content":{"rendered":"<div class=\"entry-thumbnail\"><img loading=\"lazy\" decoding=\"async\" class=\"attachment-estore-slider size-estore-slider wp-post-image\" src=\"https:\/\/saludcorrientes.gob.ar\/w\/wp-content\/uploads\/2022\/01\/A760E09C-8D21-4CC1-8136-DCE11C4C136B.jpeg\" sizes=\"auto, (max-width: 1280px) 100vw, 1280px\" srcset=\"https:\/\/saludcorrientes.gob.ar\/w\/wp-content\/uploads\/2022\/01\/A760E09C-8D21-4CC1-8136-DCE11C4C136B.jpeg 1280w, https:\/\/saludcorrientes.gob.ar\/w\/wp-content\/uploads\/2022\/01\/A760E09C-8D21-4CC1-8136-DCE11C4C136B-300x200.jpeg 300w, https:\/\/saludcorrientes.gob.ar\/w\/wp-content\/uploads\/2022\/01\/A760E09C-8D21-4CC1-8136-DCE11C4C136B-1024x682.jpeg 1024w\" alt=\"\" width=\"1280\" height=\"853\" \/><\/div>\n<div class=\"entry-content-text-wrapper clearfix\">\n<div class=\"entry-content-wrapper\">\n<div class=\"entry-content\">\n<p>&nbsp;<\/p>\n<p>El Ministerio de Salud P\u00fablica de la Provincia, a trav\u00e9s de la Direcci\u00f3n General de Epidemiolog\u00eda comunica los primeros tres casos de la variante \u00d3micron del SARS-CoV-2 identificados en la provincia. Forman parte de un total de diez muestras analizadas en el laboratorio de secuenciaci\u00f3n gen\u00f3mica de la Facultad de Medicina de la UNNE.<\/p>\n<p>El subsecretario de Salud P\u00fablica,\u00a0Luis P\u00e9rez\u00a0dijo que \u201cestamos en alerta epidemiol\u00f3gica y con la vigilancia activa, en este marco es posible identificar esta variante y trabajamos de manera articulada con la Facultad de Medicina para la secuenciaci\u00f3n gen\u00f3mica\u201d.<\/p>\n<p>En tanto, la directora general de Epidemiologia,\u00a0Angelina Bobadilla,\u00a0precis\u00f3 que\u00a0<strong>\u201clas tres personas, dos de Santo Tom\u00e9 y uno de Bella Vista, est\u00e1n cursando la enfermedad con el seguimiento correspondiente y buena evoluci\u00f3n\u201d, dijo.<\/strong><\/p>\n<p>Por \u00faltimo, Bobadilla record\u00f3 a la comunidad que \u201ces importante en caso de tener s\u00edntomas como fiebre, dolor muscular, p\u00e9rdida del gusto u olfato y tos seca realizar el aislamiento correspondiente. Insistimos en las medidas preventivas de uso de barbijos en espacios cerrados, distanciamiento social, lavado de manos, ventilaci\u00f3n de ambientes y en no compartir vasos ni mate\u201d, remarc\u00f3.<\/p>\n<\/div>\n<\/div>\n<\/div>\n","protected":false},"excerpt":{"rendered":"<p>&nbsp; El Ministerio de Salud P\u00fablica de la Provincia, a trav\u00e9s de la Direcci\u00f3n General de Epidemiolog\u00eda comunica los primeros tres casos de la variante \u00d3micron del SARS-CoV-2 identificados en la provincia. Forman parte de un total de diez muestras analizadas en el laboratorio de secuenciaci\u00f3n gen\u00f3mica de la Facultad de Medicina de la UNNE. [&hellip;]<\/p>\n","protected":false},"author":3,"featured_media":52155,"comment_status":"open","ping_status":"open","sticky":false,"template":"","format":"standard","meta":{"footnotes":""},"categories":[10,11],"tags":[136],"class_list":["post-52154","post","type-post","status-publish","format-standard","has-post-thumbnail","hentry","category-provinciales","category-sociedad","tag-destacados"],"_links":{"self":[{"href":"http:\/\/informateesquina.com\/index.php?rest_route=\/wp\/v2\/posts\/52154","targetHints":{"allow":["GET"]}}],"collection":[{"href":"http:\/\/informateesquina.com\/index.php?rest_route=\/wp\/v2\/posts"}],"about":[{"href":"http:\/\/informateesquina.com\/index.php?rest_route=\/wp\/v2\/types\/post"}],"author":[{"embeddable":true,"href":"http:\/\/informateesquina.com\/index.php?rest_route=\/wp\/v2\/users\/3"}],"replies":[{"embeddable":true,"href":"http:\/\/informateesquina.com\/index.php?rest_route=%2Fwp%2Fv2%2Fcomments&post=52154"}],"version-history":[{"count":0,"href":"http:\/\/informateesquina.com\/index.php?rest_route=\/wp\/v2\/posts\/52154\/revisions"}],"wp:featuredmedia":[{"embeddable":true,"href":"http:\/\/informateesquina.com\/index.php?rest_route=\/wp\/v2\/media\/52155"}],"wp:attachment":[{"href":"http:\/\/informateesquina.com\/index.php?rest_route=%2Fwp%2Fv2%2Fmedia&parent=52154"}],"wp:term":[{"taxonomy":"category","embeddable":true,"href":"http:\/\/informateesquina.com\/index.php?rest_route=%2Fwp%2Fv2%2Fcategories&post=52154"},{"taxonomy":"post_tag","embeddable":true,"href":"http:\/\/informateesquina.com\/index.php?rest_route=%2Fwp%2Fv2%2Ftags&post=52154"}],"curies":[{"name":"wp","href":"https:\/\/api.w.org\/{rel}","templated":true}]}}