{"id":52167,"date":"2022-01-07T23:29:42","date_gmt":"2022-01-08T02:29:42","guid":{"rendered":"https:\/\/informateesquina.com\/?p=52167"},"modified":"2022-01-07T23:29:42","modified_gmt":"2022-01-08T02:29:42","slug":"covid-imparable-argentina-registro-un-nuevo-record-con-110-533-nuevos-contagios-en-un-dia","status":"publish","type":"post","link":"http:\/\/informateesquina.com\/?p=52167","title":{"rendered":"COVID imparable: Argentina registr\u00f3 un nuevo r\u00e9cord con 110.533 nuevos contagios en un d\u00eda"},"content":{"rendered":"<p>El Ministerio de Salud de la Naci\u00f3n inform\u00f3 este\u00a0viernes 6 de enero\u00a0que, en las \u00faltimas 24 horas,\u00a0se registraron 42 muertes y 110.533 contagios de coronavirus. A un a\u00f1o y diez meses del inicio de la pandemia y con m\u00e1s de 33 millones de vacunados con el esquema completo,\u00a0Argentina super\u00f3 por segundo d\u00eda consecutivo los 100 mil casos diarios de COVID-19\u00a0y duplic\u00f3 as\u00ed la cifra de contagios en una semana.\u00a0La cifra de ayer fue de\u00a0109.608.<\/p>\n<p>Con estos datos,\u00a0el total de infectados desde el inicio de la pandemia asciende a\u00a06.135.836 y los fallecimientos son 117.428.<\/p>\n<p>De ayer a hoy se realizaron 191.811 testeos. Como resultado, la tasa de positividad fue del 57,62%: casi seis veces m\u00e1s del 10% recomendado por la OMS. Por otro lado, del total de muertes reportadas hoy, 21 son hombres y 21 mujeres. Las provincias que m\u00e1s decesos reportaron fueron Buenos Aires con 14 y CABA con 8 fallecidos.<\/p>\n<div class=\"fotos-y-videos\">\n<p>&nbsp;<\/p>\n<div class=\"tab-content\">\n<div id=\"fotos\" class=\"tab-pane fade in active\" role=\"tabpanel\"><a class=\"fotos-desarrollo unlink\" title=\"COVID imparable: Argentina registr\u00f3 un nuevo r\u00e9cord con 110.533 nuevos contagios en un d\u00eda\" href=\"https:\/\/www.radiosudamericana.com\/notix\/multimedia\/imagenes\/fotos\/2022-01-07\/952694.jpg\"><img loading=\"lazy\" decoding=\"async\" class=\"img-responsive lazyload center-block\" src=\"https:\/\/www.radiosudamericana.com\/notix\/multimedia\/imagenes\/fotos\/2022-01-07\/952694.jpg_nota.jpg\" alt=\"COVID imparable: Argentina registr\u00f3 un nuevo r\u00e9cord con 110.533 nuevos contagios en un d\u00eda\" width=\"700\" height=\"393\" \/><\/a><\/div>\n<\/div>\n<\/div>\n<p>&nbsp;<\/p>\n<div class=\"cuerpo\">\n<p>&nbsp;<\/p>\n<p>De acuerdo al parte epidemiol\u00f3gico, de momento, en Argentina hay 1.680 personas con coronavirus internadas en terapia intensiva. El porcentaje de ocupaci\u00f3n de camas a nivel nacional es del 37,8% y en el \u00c1rea Metropolitana de Buenos Aires (AMBA) del 38,8%.<\/p>\n<p>En este sentido, vale destacar que, las camas UTI ocupadas por pacientes con coronavirus representan el doble que hace un mes -cuando el pa\u00eds estaba cerca de los m\u00ednimos hist\u00f3ricos- pero todav\u00eda est\u00e1n lejos de los valores m\u00e1ximos de la primera (5.119) y de la segunda ola (7.969).<\/p>\n<p>&nbsp;<\/p>\n<p><strong>De los 110.533 casos de COVID-19 reportados hoy, 66.272 casos (el 59,95%) se concentran en PBA (40.327), CABA (13.118) y C\u00f3rdoba (12.827).<\/strong><\/p>\n<p><strong>Para el resto del pa\u00eds, los n\u00fameros fueron los siguientes: Catamarca 999 contagios, Chaco 1.839, Chubut 1.058, Corrientes 1.626, Entre R\u00edos 2.071, Formosa 950, Jujuy 1.636, La Pampa 1.033, La Rioja 336, Mendoza 3.433, Misiones 274, Neuqu\u00e9n 1.974, R\u00edo Negro 1.618, Salta 3.365, San Juan 2.710, San Luis 2.286, Santa Cruz 1.277, Santa Fe 9.283, Santiago del Estero 2.491, Tierra del Fuego 474 y Tucum\u00e1n 3.528.<\/strong><\/p>\n<p>En medio de los crecientes contagios y a modo de alertar la importancia de vacunar con dosis completas a todas las personas mayores de 3 a\u00f1os, anteayer\u00a0la jefa de Gabinete del Ministerio de Salud de la Naci\u00f3n,\u00a0Sonia Tarragona,\u00a0alert\u00f3\u00a0sobre el incremento exponencial de contagios en los chicos de entre\u00a03 y 11 a\u00f1os.\u00a0&#8221;<\/p>\n<p>Se est\u00e1 notando un crecimiento m\u00e1s grande en esos grupos. Es tan r\u00e1pido y tan vertiginoso el crecimiento que todav\u00eda no tenemos una conclusi\u00f3n,<\/p>\n<p>pero s\u00ed se est\u00e1 notando un crecimiento m\u00e1s grande en esos grupos que son los que tiene menos porcentaje de poblaci\u00f3n vacunada\u201d, admiti\u00f3 la funcionaria. As\u00ed,\u00a0la positividad en ese segmento pas\u00f3 de 2,3 a 20% durante las \u00faltimas semanas.<\/p>\n<p>Las declaraciones de Tarragona se dan despu\u00e9s de conocerse que\u00a0el Hospital Garrahan debi\u00f3 abrir una tercera sala de internaci\u00f3n para pacientes y que en apenas 15 d\u00edas pararon de 15 a 55 menores hospitalizados por coronavirus, seg\u00fan afirm\u00f3 Oscar Trotta, miembro del Consejo de Administraci\u00f3n del centro de salud infantil.<\/p>\n<p>Y la jefa de Infectolog\u00eda del Hospital Garrahan,\u00a0Rosa Bologna, pidi\u00f3 que se \u201ccompleten los esquema de vacunaci\u00f3n de los menores\u201d ante la multiplicaci\u00f3n de ingresos de ni\u00f1os con coronavirus a ese centro de salud pedi\u00e1trico.\u00a0La m\u00e9dica record\u00f3 que ya hay m\u00e1s de 7 millones de vacunas aplicadas en pibes de entre 3 y 11 a\u00f1os en el pa\u00eds.\u00a0Y precis\u00f3 que 5 millones de adolescentes entre 12 y 17 a\u00f1os ya recibieron las dosis.\u00a0\u201cSon efectivas y seguras\u201d, afirm\u00f3.<\/p>\n<p>El ingeniero en Sistemas y experto en datos\u00a0Mauro Infantino\u00a0explic\u00f3 que \u201cuno ve que suben los casos y\u00a0es imposible que no suban en todas las franjas etarias. Lo que se ve es que\u00a0desde diciembre los casos en chicos suben menos que en el resto de las franjas\u201d. \u201cLa franja que tiene m\u00e1s casos est\u00e1 entre los\u00a020 y los 39 a\u00f1os\u201d.<\/p>\n<p>Seg\u00fan los cuadros analizados por el especialista y publicados en Twitter en base a informaci\u00f3n oficial,\u00a0Infantino observa que de acuerdo a la positividad semanal, la franja etaria que m\u00e1s creci\u00f3 al d\u00eda 5\/1 es la que va de 20 a 29 y 30 a 39 a\u00f1os, superando el grupo pedi\u00e1trico y de j\u00f3venes hasta 19 a\u00f1os.<\/p>\n<p>Un estudio realizado por cient\u00edficos del Instituto Ragon en el\u00a0Hospital General de Massachusetts, de la Universidad de Harvard\u00a0ratific\u00f3 la efectividad de los refuerzos de las vacunas de ARN mensajero contra la variante \u00d3micron del COVID-19.<\/p>\n<p>De acuerdo con el an\u00e1lisis publicado por los especialistas en la revista Cell las personas que fueron inoculadas con las dos dosis de Pfizer-BioNTech o Moderna y luego un refuerzo lograron una neutralizaci\u00f3n \u201cpotente\u201d contra la variante \u00d3micron. El mismo estudio detect\u00f3 que\u00a0el r\u00e9gimen de vacuna inicial de dos dosis no produce anticuerpos capaces de reconocer y neutralizar completamente la nueva variante descubierta en Sud\u00e1frica\u00a0en noviembre \u00faltimo.<\/p>\n<p>Adem\u00e1s, descubrieron que infectarse con \u00d3micron despu\u00e9s de ser vacunado en lugar de recibir una estimulaci\u00f3n no era tan efectivo. El refuerzo cre\u00f3 anticuerpos \u201csustancialmente m\u00e1s altos\u201d que la vacunaci\u00f3n seguida de una infecci\u00f3n.<\/p>\n<\/div>\n","protected":false},"excerpt":{"rendered":"<p>El Ministerio de Salud de la Naci\u00f3n inform\u00f3 este\u00a0viernes 6 de enero\u00a0que, en las \u00faltimas 24 horas,\u00a0se registraron 42 muertes y 110.533 contagios de coronavirus. A un a\u00f1o y diez meses del inicio de la pandemia y con m\u00e1s de 33 millones de vacunados con el esquema completo,\u00a0Argentina super\u00f3 por segundo d\u00eda consecutivo los 100 [&hellip;]<\/p>\n","protected":false},"author":3,"featured_media":52168,"comment_status":"open","ping_status":"open","sticky":false,"template":"","format":"standard","meta":{"footnotes":""},"categories":[7,11],"tags":[],"class_list":["post-52167","post","type-post","status-publish","format-standard","has-post-thumbnail","hentry","category-nacionales","category-sociedad"],"_links":{"self":[{"href":"http:\/\/informateesquina.com\/index.php?rest_route=\/wp\/v2\/posts\/52167","targetHints":{"allow":["GET"]}}],"collection":[{"href":"http:\/\/informateesquina.com\/index.php?rest_route=\/wp\/v2\/posts"}],"about":[{"href":"http:\/\/informateesquina.com\/index.php?rest_route=\/wp\/v2\/types\/post"}],"author":[{"embeddable":true,"href":"http:\/\/informateesquina.com\/index.php?rest_route=\/wp\/v2\/users\/3"}],"replies":[{"embeddable":true,"href":"http:\/\/informateesquina.com\/index.php?rest_route=%2Fwp%2Fv2%2Fcomments&post=52167"}],"version-history":[{"count":0,"href":"http:\/\/informateesquina.com\/index.php?rest_route=\/wp\/v2\/posts\/52167\/revisions"}],"wp:featuredmedia":[{"embeddable":true,"href":"http:\/\/informateesquina.com\/index.php?rest_route=\/wp\/v2\/media\/52168"}],"wp:attachment":[{"href":"http:\/\/informateesquina.com\/index.php?rest_route=%2Fwp%2Fv2%2Fmedia&parent=52167"}],"wp:term":[{"taxonomy":"category","embeddable":true,"href":"http:\/\/informateesquina.com\/index.php?rest_route=%2Fwp%2Fv2%2Fcategories&post=52167"},{"taxonomy":"post_tag","embeddable":true,"href":"http:\/\/informateesquina.com\/index.php?rest_route=%2Fwp%2Fv2%2Ftags&post=52167"}],"curies":[{"name":"wp","href":"https:\/\/api.w.org\/{rel}","templated":true}]}}