{"id":52197,"date":"2022-01-11T22:26:27","date_gmt":"2022-01-12T01:26:27","guid":{"rendered":"https:\/\/informateesquina.com\/?p=52197"},"modified":"2022-01-11T22:26:27","modified_gmt":"2022-01-12T01:26:27","slug":"goya-nene-intento-saltar-un-charco-de-agua-se-resbalo-y-se-clavo-un-machete","status":"publish","type":"post","link":"http:\/\/informateesquina.com\/?p=52197","title":{"rendered":"Goya: Nene intent\u00f3 saltar un charco de agua, se resbal\u00f3 y se clav\u00f3 un machete"},"content":{"rendered":"<h1><a class=\"fotos-desarrollo unlink\" style=\"font-size: 15px;\" title=\"Nene intent\u00f3 saltar un charco de agua, se resbal\u00f3 y se clav\u00f3 un machete\" href=\"https:\/\/www.radiosudamericana.com\/notix\/multimedia\/imagenes\/fotos\/2022-01-11\/611989.jpg\"><img loading=\"lazy\" decoding=\"async\" class=\"img-responsive lazyload center-block\" src=\"https:\/\/www.radiosudamericana.com\/notix\/multimedia\/imagenes\/fotos\/2022-01-11\/611989.jpg_nota.jpg\" alt=\"Nene intent\u00f3 saltar un charco de agua, se resbal\u00f3 y se clav\u00f3 un machete\" width=\"700\" height=\"375\" \/><\/a><\/h1>\n<p>&nbsp;<\/p>\n<div class=\"cuerpo\">\n<p>Un ni\u00f1o\u00a0de 11 a\u00f1os fue internado\u00a0con un corte severo en el cuerpo debido a un ins\u00f3lito accidente que se dio en una zona rural de la localidad correntina de Goya, informaron este martes fuentes policiales.<\/p>\n<p>El menor cay\u00f3 sobre un machete cuando intent\u00f3 saltar un charco de agua, se\u00a0resbal\u00f3 y se termin\u00f3 clavando el machete que le ocasion\u00f3 una grave lesi\u00f3n.<\/p>\n<p>El hecho cuando el ni\u00f1o se dirig\u00eda con su t\u00edo a la Isla Mbigu\u00e1 a realizar una &#8220;changa&#8221;, detall\u00f3 el portal TN Goya.<\/p>\n<p>En ese momento, la v\u00edctima intent\u00f3 saltar un espejo de agua y cay\u00f3 sobre el machete que llevaba con \u00e9l.<\/p>\n<\/div>\n","protected":false},"excerpt":{"rendered":"<p>&nbsp; Un ni\u00f1o\u00a0de 11 a\u00f1os fue internado\u00a0con un corte severo en el cuerpo debido a un ins\u00f3lito accidente que se dio en una zona rural de la localidad correntina de Goya, informaron este martes fuentes policiales. El menor cay\u00f3 sobre un machete cuando intent\u00f3 saltar un charco de agua, se\u00a0resbal\u00f3 y se termin\u00f3 clavando el [&hellip;]<\/p>\n","protected":false},"author":3,"featured_media":52198,"comment_status":"open","ping_status":"open","sticky":false,"template":"","format":"standard","meta":{"footnotes":""},"categories":[6,8,11],"tags":[],"class_list":["post-52197","post","type-post","status-publish","format-standard","has-post-thumbnail","hentry","category-locales","category-policiales","category-sociedad"],"_links":{"self":[{"href":"http:\/\/informateesquina.com\/index.php?rest_route=\/wp\/v2\/posts\/52197","targetHints":{"allow":["GET"]}}],"collection":[{"href":"http:\/\/informateesquina.com\/index.php?rest_route=\/wp\/v2\/posts"}],"about":[{"href":"http:\/\/informateesquina.com\/index.php?rest_route=\/wp\/v2\/types\/post"}],"author":[{"embeddable":true,"href":"http:\/\/informateesquina.com\/index.php?rest_route=\/wp\/v2\/users\/3"}],"replies":[{"embeddable":true,"href":"http:\/\/informateesquina.com\/index.php?rest_route=%2Fwp%2Fv2%2Fcomments&post=52197"}],"version-history":[{"count":0,"href":"http:\/\/informateesquina.com\/index.php?rest_route=\/wp\/v2\/posts\/52197\/revisions"}],"wp:featuredmedia":[{"embeddable":true,"href":"http:\/\/informateesquina.com\/index.php?rest_route=\/wp\/v2\/media\/52198"}],"wp:attachment":[{"href":"http:\/\/informateesquina.com\/index.php?rest_route=%2Fwp%2Fv2%2Fmedia&parent=52197"}],"wp:term":[{"taxonomy":"category","embeddable":true,"href":"http:\/\/informateesquina.com\/index.php?rest_route=%2Fwp%2Fv2%2Fcategories&post=52197"},{"taxonomy":"post_tag","embeddable":true,"href":"http:\/\/informateesquina.com\/index.php?rest_route=%2Fwp%2Fv2%2Ftags&post=52197"}],"curies":[{"name":"wp","href":"https:\/\/api.w.org\/{rel}","templated":true}]}}