{"id":52236,"date":"2022-01-13T18:40:36","date_gmt":"2022-01-13T21:40:36","guid":{"rendered":"https:\/\/informateesquina.com\/?p=52236"},"modified":"2022-01-13T18:40:36","modified_gmt":"2022-01-13T21:40:36","slug":"corrientes-sigue-en-pico-y-detectaron-3137-casos-de-covid19-hay-5-muertos","status":"publish","type":"post","link":"http:\/\/informateesquina.com\/?p=52236","title":{"rendered":"Corrientes sigue en pico y detectaron 3137 casos de Covid19: hay 5 muertos"},"content":{"rendered":"<p>El informe epidemiol\u00f3gico de la provincia de Corrientes registr\u00f3 este jueves 3.137 nuevos casos positivos de Coronavirus, de los cuales 1.867 fueron contagios en la ciudad Capital y los 1.270 restantes en 50 localidades del interior provincial, al haberse analizado 7.423 muestras en las \u00faltimas 24 horas.<\/p>\n<div class=\"cuerpo\">\n<p>Esto actualiza la cifra de casos activos en 17.304 y los acumulados en 147.651 en todo el territorio provincial al 13 de enero de 2022, con 1.624.213 testeos realizados desde que inici\u00f3 la pandemia y 128.707 recuperados. Mientras que son 1.640 los fallecidos acumulados y 163 los actuales internados en el Hospital de Campa\u00f1a, con resultado positivo para Covid-19, estando ocupado el 8,66% de los respiradores y donde adem\u00e1s durante la \u00faltima jornada, 17 pacientes egresaron con alta m\u00e9dica y 5 fallecieron.<\/p>\n<p><a class=\"fotos-desarrollo unlink\" title=\"Corrientes sigue en pico y detect\u00f3 3137 casos de Covid19: hay 5 muertos\" href=\"https:\/\/www.radiosudamericana.com\/notix\/multimedia\/imagenes\/fotos\/2022-01-13\/542461.jpg\"><img decoding=\"async\" class=\"img-responsive\" src=\"https:\/\/www.radiosudamericana.com\/notix\/multimedia\/imagenes\/fotos\/2022-01-13\/542461.jpg_nota.jpg\" \/><\/a><\/p>\n<p><strong>Los nuevos casos son:<\/strong>\u00a0Capital 1.867, Goya 277, Paso de los Libres, 151, Curuz\u00fa Cuati\u00e1 115, Mercedes 89, Ituzaing\u00f3 83, Bella Vista 77, Monte Caseros 41, Sauce 39, Santa Luc\u00eda 32, Itat\u00ed 30, Ca\u00e1 Cat\u00ed 25, Santo Tom\u00e9 23, Santa Ana 18, Concepci\u00f3n 17, Santa Rosa 17, Palmar Grande 17, San Luis del Palmar 15, Empedrado 15, Alvear 14, Esquina 13, San Roque 13, Lavalle 12, Chavarr\u00eda 11, Tatacu\u00e1 10, Ber\u00f3n de Astrada 8, Paso de la Patria 7, Mariano I. Loza 7, La Cruz 7, El Sombrero 6, Colonia Libertad 6, Gobernador Mart\u00ednez 6, San Lorenzo 6, 9 de Julio 6, It\u00e1 Ibat\u00e9 6, San Miguel 5, Mburucuy\u00e1 5, Loreto 5, Yatayt\u00ed Calle 4, Cruz de los Milagros 4, Pedro R. Fern\u00e1ndez 4, San Cosme 4, Colonia Carolina 4, Perugorr\u00eda 3, Pueblo Libertador 3, Riachuelo 2, Pellegrini 2, Bonpland 2, Pago de los Deseos 2, Tapebicu\u00e1 1 y Juan Pujol 1.<\/p>\n<h2><strong>Hospital de Campa\u00f1a<\/strong><\/h2>\n<p>En cuanto a los fallecidos con resultado positivo para Covid-19 de la fecha, se trata de un hombre de 45 a\u00f1os de Paso de la Patria con antecedente de obesidad, una mujer de 24 a\u00f1os de Capital con trisom\u00eda XXI, una mujer de 86 a\u00f1os de La Cruz con antecedente de hipertensi\u00f3n, diabetes y enfermedad pulmonar obstructiva cr\u00f3nica.<\/p>\n<p>Un hombre de 73 a\u00f1os de Mercedes con antecedentes de hipertensi\u00f3n y accidente cerebrovascular. Y una mujer de 59 a\u00f1os de Itat\u00ed con antecedentes de hipertensi\u00f3n, diabetes, hipotiroidismo y mastectom\u00eda.<\/p>\n<p>El informe emitido desde la instituci\u00f3n detalla que se encuentran internados 163 pacientes.<\/p>\n<p>Hay 129\u00a0pacientes con diagn\u00f3stico de Covid-19 en Sala de Cl\u00ednica General. Todos se encuentran cl\u00ednicamente estables.<\/p>\n<p>En la Unidad de Terapia Intensiva (UTI) hay 34 pacientes con diagn\u00f3stico de Covid-19, 26 con respiraci\u00f3n mec\u00e1nica asistida. Todos con pron\u00f3stico reservado.<\/p>\n<p>En consultorios externos se realizaron 118 atenciones, acumul\u00e1ndose 36.241. Fueron dados de alta 17 pacientes recuperados.\u00a0Est\u00e1 ocupado el 8.66% de los respiradores.<\/p>\n<h2><strong>Hospital Pedi\u00e1trico<\/strong><\/h2>\n<p>El Ministerio de Salud P\u00fablica de la Provincia inform\u00f3 que en el hospital Pedi\u00e1trico Juan Pablo II fue dado de alta un paciente recuperado, mientras que se encuentran internados 4 pacientes en el sector Covid-19 de la instituci\u00f3n.<\/p>\n<p>Se trata de un menor de 1 a\u00f1o de Monte Caseros, uno de 3 a\u00f1os de la provincia de Neuqu\u00e9n, una menor de 10 a\u00f1os de Esquina e ingres\u00f3 una de 11 a\u00f1os de Goya. Todos se encuentran estables y sin requerimiento de ox\u00edgeno.<\/p>\n<\/div>\n","protected":false},"excerpt":{"rendered":"<p>El informe epidemiol\u00f3gico de la provincia de Corrientes registr\u00f3 este jueves 3.137 nuevos casos positivos de Coronavirus, de los cuales 1.867 fueron contagios en la ciudad Capital y los 1.270 restantes en 50 localidades del interior provincial, al haberse analizado 7.423 muestras en las \u00faltimas 24 horas. Esto actualiza la cifra de casos activos en [&hellip;]<\/p>\n","protected":false},"author":3,"featured_media":52237,"comment_status":"open","ping_status":"open","sticky":false,"template":"","format":"standard","meta":{"footnotes":""},"categories":[6,10,11],"tags":[],"class_list":["post-52236","post","type-post","status-publish","format-standard","has-post-thumbnail","hentry","category-locales","category-provinciales","category-sociedad"],"_links":{"self":[{"href":"http:\/\/informateesquina.com\/index.php?rest_route=\/wp\/v2\/posts\/52236","targetHints":{"allow":["GET"]}}],"collection":[{"href":"http:\/\/informateesquina.com\/index.php?rest_route=\/wp\/v2\/posts"}],"about":[{"href":"http:\/\/informateesquina.com\/index.php?rest_route=\/wp\/v2\/types\/post"}],"author":[{"embeddable":true,"href":"http:\/\/informateesquina.com\/index.php?rest_route=\/wp\/v2\/users\/3"}],"replies":[{"embeddable":true,"href":"http:\/\/informateesquina.com\/index.php?rest_route=%2Fwp%2Fv2%2Fcomments&post=52236"}],"version-history":[{"count":0,"href":"http:\/\/informateesquina.com\/index.php?rest_route=\/wp\/v2\/posts\/52236\/revisions"}],"wp:featuredmedia":[{"embeddable":true,"href":"http:\/\/informateesquina.com\/index.php?rest_route=\/wp\/v2\/media\/52237"}],"wp:attachment":[{"href":"http:\/\/informateesquina.com\/index.php?rest_route=%2Fwp%2Fv2%2Fmedia&parent=52236"}],"wp:term":[{"taxonomy":"category","embeddable":true,"href":"http:\/\/informateesquina.com\/index.php?rest_route=%2Fwp%2Fv2%2Fcategories&post=52236"},{"taxonomy":"post_tag","embeddable":true,"href":"http:\/\/informateesquina.com\/index.php?rest_route=%2Fwp%2Fv2%2Ftags&post=52236"}],"curies":[{"name":"wp","href":"https:\/\/api.w.org\/{rel}","templated":true}]}}