{"id":52239,"date":"2022-01-13T18:43:41","date_gmt":"2022-01-13T21:43:41","guid":{"rendered":"https:\/\/informateesquina.com\/?p=52239"},"modified":"2022-01-13T18:43:41","modified_gmt":"2022-01-13T21:43:41","slug":"se-suspenden-los-carnavales-2022-en-curuzu-cuatia","status":"publish","type":"post","link":"http:\/\/informateesquina.com\/?p=52239","title":{"rendered":"Se suspenden los Carnavales 2022 en Curuz\u00fa Cuati\u00e1"},"content":{"rendered":"<div class=\"fotos-y-videos\">\n<p>Cabe mencionar que los dirigentes de las comparsas manifestaron que, si bien tienen todos los atuendos y elementos para salir y competir, comprenden la situaci\u00f3n de pandemia y apuestan a reservarlos para cuando la salud de todos est\u00e9 preservada.<\/p>\n<\/div>\n<div class=\"cuerpo\">\n<div id=\"leermas\">\n<div>Este jueves 13 rubricaron un acta para darle la formalidad pertinente a este acto. Desde el Municipio las autoridades destacaron esta acci\u00f3n de las agrupaciones carnestolendas digna de imitar, que hicieron el gran sacrificio de dejar de lado su apego y pasi\u00f3n por esta actividad en pos del bien com\u00fan y la salud de todos.<\/div>\n<\/div>\n<\/div>\n","protected":false},"excerpt":{"rendered":"<p>Cabe mencionar que los dirigentes de las comparsas manifestaron que, si bien tienen todos los atuendos y elementos para salir y competir, comprenden la situaci\u00f3n de pandemia y apuestan a reservarlos para cuando la salud de todos est\u00e9 preservada. Este jueves 13 rubricaron un acta para darle la formalidad pertinente a este acto. Desde el [&hellip;]<\/p>\n","protected":false},"author":3,"featured_media":52240,"comment_status":"open","ping_status":"open","sticky":false,"template":"","format":"standard","meta":{"footnotes":""},"categories":[10,11],"tags":[],"class_list":["post-52239","post","type-post","status-publish","format-standard","has-post-thumbnail","hentry","category-provinciales","category-sociedad"],"_links":{"self":[{"href":"http:\/\/informateesquina.com\/index.php?rest_route=\/wp\/v2\/posts\/52239","targetHints":{"allow":["GET"]}}],"collection":[{"href":"http:\/\/informateesquina.com\/index.php?rest_route=\/wp\/v2\/posts"}],"about":[{"href":"http:\/\/informateesquina.com\/index.php?rest_route=\/wp\/v2\/types\/post"}],"author":[{"embeddable":true,"href":"http:\/\/informateesquina.com\/index.php?rest_route=\/wp\/v2\/users\/3"}],"replies":[{"embeddable":true,"href":"http:\/\/informateesquina.com\/index.php?rest_route=%2Fwp%2Fv2%2Fcomments&post=52239"}],"version-history":[{"count":0,"href":"http:\/\/informateesquina.com\/index.php?rest_route=\/wp\/v2\/posts\/52239\/revisions"}],"wp:featuredmedia":[{"embeddable":true,"href":"http:\/\/informateesquina.com\/index.php?rest_route=\/wp\/v2\/media\/52240"}],"wp:attachment":[{"href":"http:\/\/informateesquina.com\/index.php?rest_route=%2Fwp%2Fv2%2Fmedia&parent=52239"}],"wp:term":[{"taxonomy":"category","embeddable":true,"href":"http:\/\/informateesquina.com\/index.php?rest_route=%2Fwp%2Fv2%2Fcategories&post=52239"},{"taxonomy":"post_tag","embeddable":true,"href":"http:\/\/informateesquina.com\/index.php?rest_route=%2Fwp%2Fv2%2Ftags&post=52239"}],"curies":[{"name":"wp","href":"https:\/\/api.w.org\/{rel}","templated":true}]}}