{"id":52242,"date":"2022-01-13T18:50:48","date_gmt":"2022-01-13T21:50:48","guid":{"rendered":"https:\/\/informateesquina.com\/?p=52242"},"modified":"2022-01-13T19:01:26","modified_gmt":"2022-01-13T22:01:26","slug":"corrientes-tiene-un-solo-avion-hidrante-operativo-porque-los-pilotos-tienen-covid","status":"publish","type":"post","link":"http:\/\/informateesquina.com\/?p=52242","title":{"rendered":"Corrientes tiene un solo avi\u00f3n hidrante operativo porque los pilotos tienen covid"},"content":{"rendered":"<header class=\"header-interior\">\n<p id=\"nota-title\">Orlando Bertoni, Jefe de Defensa Civil de la provincia, confirm\u00f3 a El Litoral que el avi\u00f3n hidrante de Recursos Forestales que deber\u00eda socorrer la zona noreste de la provincia. y que tiene base en Mercedes, est\u00e1 inactivo. \u201cHoy me confirmaron desde la entidad que no est\u00e1 en funcionamiento porque los pilotos tienen coronavirus\u201d, dijo el funcionario.<\/p>\n<\/header>\n<div class=\"cont-nota\">\n<article class=\"cont-cuerpo\">\n<div class=\"cont-foto\">\n<figure class=\"nota-foto \"><img decoding=\"async\" title=\"\" src=\"https:\/\/www.corrienteshoy.com\/galeria\/fotos\/2022\/01\/13\/l_1642102305.png\" alt=\"\" data-src=\"\/images\/lazy.png\" \/><\/figure>\n<p>Se estima un promedio de 10 a 15 d\u00edas para que pueda entrar en funcionamiento.<\/p>\n<p>En tanto, el otro avi\u00f3n hidrante contratado apostado en Ca\u00f1ada Quiroz funciona a pleno y hace una semana interviene en incendios de Loreto, Ramada Paso y Paso de la Patria. Busca atender la demanda de toda la zona centro y norte de la provincia.<\/p>\n<p>\u201cYa debi\u00f3 intervenir en las localidades de Loreto, Ramada Paso y Paso de la Patria con exitosos resultados, mediante certeros operativos conjuntos cielo-tierra con brigadistas, autobombas y bomberos, coordinando acciones para combatir el fuego en determinados puntos de zonas rurales y productivas\u201d, detallaron desde el Gobierno provincial.<\/p>\n<p>La aeronave cuenta con una capacidad de almacenaje en su tanque para unos 2.500 litros de agua que, por medio de la activaci\u00f3n de apertura de una compuerta, se deja caer sobre su objetivo y el tiempo de reposici\u00f3n de su tanque nuevamente es de 15 minutos dependiendo de las distancias de las bases para volver a actuar sobre el incendio.<\/p>\n<p>Le\u00f3n Cantero, socio propietario de Aer\u00f3dromo Ca\u00f1ada Quiroz SRL y responsable t\u00e9cnico del avi\u00f3n hidrante con el que la Provincia act\u00faa contra los incendios, declar\u00f3 que \u201cel Gobierno de Corrientes le alquil\u00f3 el mismo, a partir del 3 de enero hasta el mes de marzo\u201d.<\/p>\n<p>Asimismo, sobre el mecanismo y funciones del avi\u00f3n aclar\u00f3 que: \u201cLos fabricantes de los aviones de este tipo tienen que cumplir un protocolo que hace que los aviones sean de combate contra incendios, que es desalojar por la compuerta especial de lanzamiento 1.000 litros por segundos\u201d.<\/p>\n<p>Sobre el trabajo mancomunado con los diferentes sectores involucrados, el propietario de la aeronave sostuvo que \u201cel avi\u00f3n es una herramienta muy eficaz, pero no hace todo el trabajo, depende de otros grupos, herramientas, para lograr su objetivo, principalmente de los brigadistas, bomberos forestales, que trabajan por tierra y de los camiones forestales\u201d.<\/p>\n<\/div>\n<\/article>\n<\/div>\n","protected":false},"excerpt":{"rendered":"<p>Orlando Bertoni, Jefe de Defensa Civil de la provincia, confirm\u00f3 a El Litoral que el avi\u00f3n hidrante de Recursos Forestales que deber\u00eda socorrer la zona noreste de la provincia. y que tiene base en Mercedes, est\u00e1 inactivo. \u201cHoy me confirmaron desde la entidad que no est\u00e1 en funcionamiento porque los pilotos tienen coronavirus\u201d, dijo el [&hellip;]<\/p>\n","protected":false},"author":3,"featured_media":52243,"comment_status":"open","ping_status":"open","sticky":false,"template":"","format":"standard","meta":{"footnotes":""},"categories":[10,11],"tags":[],"class_list":["post-52242","post","type-post","status-publish","format-standard","has-post-thumbnail","hentry","category-provinciales","category-sociedad"],"_links":{"self":[{"href":"http:\/\/informateesquina.com\/index.php?rest_route=\/wp\/v2\/posts\/52242","targetHints":{"allow":["GET"]}}],"collection":[{"href":"http:\/\/informateesquina.com\/index.php?rest_route=\/wp\/v2\/posts"}],"about":[{"href":"http:\/\/informateesquina.com\/index.php?rest_route=\/wp\/v2\/types\/post"}],"author":[{"embeddable":true,"href":"http:\/\/informateesquina.com\/index.php?rest_route=\/wp\/v2\/users\/3"}],"replies":[{"embeddable":true,"href":"http:\/\/informateesquina.com\/index.php?rest_route=%2Fwp%2Fv2%2Fcomments&post=52242"}],"version-history":[{"count":0,"href":"http:\/\/informateesquina.com\/index.php?rest_route=\/wp\/v2\/posts\/52242\/revisions"}],"wp:featuredmedia":[{"embeddable":true,"href":"http:\/\/informateesquina.com\/index.php?rest_route=\/wp\/v2\/media\/52243"}],"wp:attachment":[{"href":"http:\/\/informateesquina.com\/index.php?rest_route=%2Fwp%2Fv2%2Fmedia&parent=52242"}],"wp:term":[{"taxonomy":"category","embeddable":true,"href":"http:\/\/informateesquina.com\/index.php?rest_route=%2Fwp%2Fv2%2Fcategories&post=52242"},{"taxonomy":"post_tag","embeddable":true,"href":"http:\/\/informateesquina.com\/index.php?rest_route=%2Fwp%2Fv2%2Ftags&post=52242"}],"curies":[{"name":"wp","href":"https:\/\/api.w.org\/{rel}","templated":true}]}}