{"id":52245,"date":"2022-01-13T19:12:47","date_gmt":"2022-01-13T22:12:47","guid":{"rendered":"https:\/\/informateesquina.com\/?p=52245"},"modified":"2022-01-13T19:12:47","modified_gmt":"2022-01-13T22:12:47","slug":"riachuelo-fuga-de-amoniaco-en-el-frigorifico-muralla-china","status":"publish","type":"post","link":"http:\/\/informateesquina.com\/?p=52245","title":{"rendered":"Riachuelo: Fuga de amoniaco en el Frigor\u00edfico Muralla China"},"content":{"rendered":"<p>Peligrosa fuga de amoniaco desde el Frigor\u00edfico Muralla China, que una semana atr\u00e1s casi cerr\u00f3 sus puertas y fue salvado por un desembolso de dinero del gobierno de Corrientes. El escape ocurre desde horas de la siesta.<\/p>\n<p>El predio c\u00e1rnico, ubicado en Riachuelo, fue vallado y no se permite que nadie se acerque al lugar. No se sabe si existi\u00f3 alg\u00fan protocolo de evacuaci\u00f3n. Las ca\u00f1er\u00edas estar\u00edan obsoletas, y sin mantenimiento adecuado. Todo se mantiene bajo un total hermetismo. La zona est\u00e1 intransitable por el agudo olor. Bomberos trabajan en el sitio.<\/p>\n<p>Hay temor en los ocupantes de las casas aleda\u00f1as ante la exposici\u00f3n del gas, que es altamente nocivo. El amon\u00edaco es irritante y el l\u00edquido y el gas producen quemaduras en la piel, los ojos, la boca y los pulmones.<\/p>\n<p>No hay comunicaci\u00f3n oficial de la firma, como tampoco en que condici\u00f3n se encuentran los trabajadores del pol\u00e9mico Frigor\u00edfico, disfrazado de capitales chinos.<\/p>\n<p>Fuente: Diario 1588<\/p>\n","protected":false},"excerpt":{"rendered":"<p>Peligrosa fuga de amoniaco desde el Frigor\u00edfico Muralla China, que una semana atr\u00e1s casi cerr\u00f3 sus puertas y fue salvado por un desembolso de dinero del gobierno de Corrientes. El escape ocurre desde horas de la siesta. El predio c\u00e1rnico, ubicado en Riachuelo, fue vallado y no se permite que nadie se acerque al lugar. [&hellip;]<\/p>\n","protected":false},"author":3,"featured_media":52246,"comment_status":"open","ping_status":"open","sticky":false,"template":"","format":"standard","meta":{"footnotes":""},"categories":[8,11],"tags":[],"class_list":["post-52245","post","type-post","status-publish","format-standard","has-post-thumbnail","hentry","category-policiales","category-sociedad"],"_links":{"self":[{"href":"http:\/\/informateesquina.com\/index.php?rest_route=\/wp\/v2\/posts\/52245","targetHints":{"allow":["GET"]}}],"collection":[{"href":"http:\/\/informateesquina.com\/index.php?rest_route=\/wp\/v2\/posts"}],"about":[{"href":"http:\/\/informateesquina.com\/index.php?rest_route=\/wp\/v2\/types\/post"}],"author":[{"embeddable":true,"href":"http:\/\/informateesquina.com\/index.php?rest_route=\/wp\/v2\/users\/3"}],"replies":[{"embeddable":true,"href":"http:\/\/informateesquina.com\/index.php?rest_route=%2Fwp%2Fv2%2Fcomments&post=52245"}],"version-history":[{"count":0,"href":"http:\/\/informateesquina.com\/index.php?rest_route=\/wp\/v2\/posts\/52245\/revisions"}],"wp:featuredmedia":[{"embeddable":true,"href":"http:\/\/informateesquina.com\/index.php?rest_route=\/wp\/v2\/media\/52246"}],"wp:attachment":[{"href":"http:\/\/informateesquina.com\/index.php?rest_route=%2Fwp%2Fv2%2Fmedia&parent=52245"}],"wp:term":[{"taxonomy":"category","embeddable":true,"href":"http:\/\/informateesquina.com\/index.php?rest_route=%2Fwp%2Fv2%2Fcategories&post=52245"},{"taxonomy":"post_tag","embeddable":true,"href":"http:\/\/informateesquina.com\/index.php?rest_route=%2Fwp%2Fv2%2Ftags&post=52245"}],"curies":[{"name":"wp","href":"https:\/\/api.w.org\/{rel}","templated":true}]}}