{"id":52248,"date":"2022-01-13T19:14:29","date_gmt":"2022-01-13T22:14:29","guid":{"rendered":"https:\/\/informateesquina.com\/?p=52248"},"modified":"2022-01-13T19:14:29","modified_gmt":"2022-01-13T22:14:29","slug":"irresponsabilidad-la-mayoria-de-los-incendios-en-corrientes-son-provocados-por-negligencia-humana","status":"publish","type":"post","link":"http:\/\/informateesquina.com\/?p=52248","title":{"rendered":"Irresponsabilidad: la mayor\u00eda de los incendios en Corrientes son provocados por negligencia humana"},"content":{"rendered":"<header>\n<div class=\"meta\">\n<p>Roberto Rojas, titular de la Direcci\u00f3n de Recursos Forestales de la Provincia de Corrientes, brind\u00f3 a Punto de Referencia un panorama de la situaci\u00f3n actual de la regi\u00f3n respecto a incendios, m\u00e1s precisamente los vinculados a zonas forestales y el grave impacto econ\u00f3mico y ambiental que estos traen aparejados. &#8220;La mayor\u00eda de las veces los focos de incendio se generan por negligencias, errores humanos, sean intencionales o no&#8221;, advirti\u00f3.<\/p>\n<p>&#8220;Estamos monitoreando la cantidad de focos que tenemos en la provincia distribuidos en distintos puntos de territorio. San Miguel, Tapebicua, Goya, Ca\u00e1 Cat\u00ed, son algunos de los puntos m\u00e1s afectados actualmente. Estamos trabajando coordinados con Defensa Civil y empresas privadas con sus equipos para combatir estos incendios&#8221;, detall\u00f3.<\/p>\n<\/div>\n<\/header>\n<section class=\"body\">\n<section class=\"content\">\n<div class=\"main-text\">\n<div class=\"center source m_image\">\n<figure><img decoding=\"async\" class=\"source\" src=\"https:\/\/www.lt7noticias.com\/content\/bucket\/0\/8690h1800.jpg\" alt=\"INCENDIO FUEGO\" \/><figcaption>Foto ilustrativa<\/figcaption><\/figure>\n<\/div>\n<p>&nbsp;<\/p>\n<p>&#8220;El gran determinante que tenemos son las condiciones meteorol\u00f3gicas, tenemos altas temperaturas, baja humedad y eso junto al d\u00e9ficit h\u00eddrico no alcanza para cubrir la necesidad de agua y se genera mucho pasto seco, uno de los principales combustibles, adem\u00e1s de que las pocas precipitaciones y r\u00e1fagas de viento, principalmente del este, avivan los focos de fuego. Son condiciones extremas. &#8220;La mayor\u00eda de las veces los focos de incendio se generan por negligencias, errores humanos, sean intencionales o no&#8221;, asever\u00f3.<\/p>\n<p>&#8220;Nosotros tenemos que tener consciencia de que en estas circuncidas el fuego tiene un comportamiento peligroso, se puede desplazar hacia cualquier lugar por eso pedimos que recuerden que es importante que no se deben hacer limpiezas con quemas, avisar si se nota un foco por m\u00e1s m\u00ednimo que sea, llamar al equipo de bomberos. Los focos de incendios son hoy un verdadero peligro, pueden poner en riesgo no s\u00f3lo los campos sino la vida de los vecinos&#8221;, alert\u00f3.<\/p>\n<p>En este sentido, explic\u00f3 que actualmente desde la Direcci\u00f3n se encuentran trabajando junto a una red de bomberos, por un lado, brigadas privadas por otro, un avi\u00f3n hidrante y empresas privadas que tienen otros cuatro aviones en la zona nordeste (Santo Tom\u00e9 y Virasoro), junto a la zona de Paso de los Libres que tambi\u00e9n tiene un par de aviones. &#8220;Para nosotros lo principal es estar comunicados y coordinados a fin de que esta red tenga un sistema de alerta temprana para poder actuar&#8221;.<\/p>\n<p>Respecto a la quema irresponsable y sin control, las cuales derivan en verdaderos desastres, Rojas sentenci\u00f3: &#8220;Eso tiene consecuencias penales y civiles, cuando el fuego no se hace bajo las condiciones t\u00e9cnicas y normativas que regulan esas pr\u00e1cticas eso est\u00e1 penado. Ahora debido a la situaci\u00f3n de sequ\u00eda est\u00e1 terminantemente prohibido&#8221;.<\/p>\n<p><strong>&#8211; Si observa que ha ocurrido un incendio en una finca, lote bald\u00edo o parque o zona de reservas, notifique de forma inmediata al n\u00famero de emergencias Policial 911 o 101 en el interior provincial o a los bomberos voluntarios locales. &#8211;\u00a0<\/strong><\/p>\n<\/div>\n<\/section>\n<\/section>\n","protected":false},"excerpt":{"rendered":"<p>Roberto Rojas, titular de la Direcci\u00f3n de Recursos Forestales de la Provincia de Corrientes, brind\u00f3 a Punto de Referencia un panorama de la situaci\u00f3n actual de la regi\u00f3n respecto a incendios, m\u00e1s precisamente los vinculados a zonas forestales y el grave impacto econ\u00f3mico y ambiental que estos traen aparejados. &#8220;La mayor\u00eda de las veces los [&hellip;]<\/p>\n","protected":false},"author":3,"featured_media":52249,"comment_status":"open","ping_status":"open","sticky":false,"template":"","format":"standard","meta":{"footnotes":""},"categories":[10,11],"tags":[],"class_list":["post-52248","post","type-post","status-publish","format-standard","has-post-thumbnail","hentry","category-provinciales","category-sociedad"],"_links":{"self":[{"href":"http:\/\/informateesquina.com\/index.php?rest_route=\/wp\/v2\/posts\/52248","targetHints":{"allow":["GET"]}}],"collection":[{"href":"http:\/\/informateesquina.com\/index.php?rest_route=\/wp\/v2\/posts"}],"about":[{"href":"http:\/\/informateesquina.com\/index.php?rest_route=\/wp\/v2\/types\/post"}],"author":[{"embeddable":true,"href":"http:\/\/informateesquina.com\/index.php?rest_route=\/wp\/v2\/users\/3"}],"replies":[{"embeddable":true,"href":"http:\/\/informateesquina.com\/index.php?rest_route=%2Fwp%2Fv2%2Fcomments&post=52248"}],"version-history":[{"count":0,"href":"http:\/\/informateesquina.com\/index.php?rest_route=\/wp\/v2\/posts\/52248\/revisions"}],"wp:featuredmedia":[{"embeddable":true,"href":"http:\/\/informateesquina.com\/index.php?rest_route=\/wp\/v2\/media\/52249"}],"wp:attachment":[{"href":"http:\/\/informateesquina.com\/index.php?rest_route=%2Fwp%2Fv2%2Fmedia&parent=52248"}],"wp:term":[{"taxonomy":"category","embeddable":true,"href":"http:\/\/informateesquina.com\/index.php?rest_route=%2Fwp%2Fv2%2Fcategories&post=52248"},{"taxonomy":"post_tag","embeddable":true,"href":"http:\/\/informateesquina.com\/index.php?rest_route=%2Fwp%2Fv2%2Ftags&post=52248"}],"curies":[{"name":"wp","href":"https:\/\/api.w.org\/{rel}","templated":true}]}}