{"id":52475,"date":"2022-01-25T20:08:11","date_gmt":"2022-01-25T23:08:11","guid":{"rendered":"https:\/\/informateesquina.com\/?p=52475"},"modified":"2022-01-25T20:08:11","modified_gmt":"2022-01-25T23:08:11","slug":"censo-2022-ya-tiene-fecha-definida-y-sera-feriado-en-todo-el-pais","status":"publish","type":"post","link":"http:\/\/informateesquina.com\/?p=52475","title":{"rendered":"Censo 2022 ya tiene fecha definida y ser\u00e1 feriado en todo el pa\u00eds"},"content":{"rendered":"<section class=\"body\">\n<section class=\"content\">\n<figure>El Gobierno estableci\u00f3 que\u00a0el\u00a0<strong>Censo 2022\u00a0se llevar\u00e1 a cabo el pr\u00f3ximo 18 de mayo, d\u00eda que ser\u00e1 feriado en todo el pa\u00eds.<\/strong>\u00a0El operativo, que estar\u00e1 a cargo del INDEC,\u00a0costar\u00e1 unos $13.000 millones.<\/p>\n<p>Como novedad,\u00a0<strong>por primera vez en la historia de los censos nacionales se preguntar\u00e1 sobre la\u00a0identidad de g\u00e9nero, con categor\u00edas consensuadas con organizaciones de la sociedad civil, aunque no se omitir\u00e1 la pregunta sobre el sexo registrado al nacer.<\/strong><\/p>\n<p>De los 12.954 millones estipulados en el Presupuesto 2022 para el Censo, 5.626 millones se encuentran asignados para pasajes y vi\u00e1ticos de las aproximadamente 600.000 personas que ser\u00e1n movilizadas el 18 de mayo, entre censistas urbanos y rurales, coordinadores nacionales y provinciales y otros puestos de la estructura censal.<\/figure>\n<figure class=\"big-column\"><img decoding=\"async\" class=\"pic\" src=\"https:\/\/www.diarioepoca.com\/content\/bucket\/2\/1203732w980h620c.jpg\" alt=\"El Gobierno oficializ\u00f3 cu\u00e1ndo se har\u00e1 el demorado Censo Nacional 2020\" \/><\/figure>\n<div class=\"main-text\">\n<div class=\"social\">\n<div class=\"share\"><\/div>\n<\/div>\n<p>La fecha del Censo 2022 se determin\u00f3 a trav\u00e9s del decreto 42\/2022, publicado en el Bolet\u00edn Oficial y firmado por el presidente Alberto Fern\u00e1ndez, el jefe de Gabinete, Juan Manzur; y el ministro de Econom\u00eda, Mart\u00edn Guzm\u00e1n.<\/p>\n<p>La normativa instruye a los organismos nacionales a imprimir preferente despacho y tr\u00e1mite urgente a todo pedido de colaboraci\u00f3n y movilizaci\u00f3n de recursos humanos y materiales destinados a la realizaci\u00f3n del operativo censal, que les fueran requeridos por el Instituto Nacional de Estad\u00edstica y Censos (Indec).<\/p>\n<p>Adem\u00e1s, autoriza al jefe de Gabinete a delegar en el titular del Ministerio de Econom\u00eda &#8220;el ejercicio de las facultades y competencias establecidas a su cargo por el art\u00edculo 9\u00ba del Reglamento del R\u00e9gimen de Contrataciones de la Administraci\u00f3n Nacional, aprobado por el Decreto N\u00b0 1030\/16, con relaci\u00f3n a las contrataciones necesarias a los efectos del desarrollo de las actividades pre-censales, censales y post-censales&#8221;.<\/p>\n<p>Asimismo, se invita a las provincias y a la Ciudad Aut\u00f3noma de Buenos Aires a adherir al decreto para la realizaci\u00f3n del censo.<\/p>\n<\/div>\n<\/section>\n<\/section>\n","protected":false},"excerpt":{"rendered":"<p>El Gobierno estableci\u00f3 que\u00a0el\u00a0Censo 2022\u00a0se llevar\u00e1 a cabo el pr\u00f3ximo 18 de mayo, d\u00eda que ser\u00e1 feriado en todo el pa\u00eds.\u00a0El operativo, que estar\u00e1 a cargo del INDEC,\u00a0costar\u00e1 unos $13.000 millones. Como novedad,\u00a0por primera vez en la historia de los censos nacionales se preguntar\u00e1 sobre la\u00a0identidad de g\u00e9nero, con categor\u00edas consensuadas con organizaciones de la [&hellip;]<\/p>\n","protected":false},"author":3,"featured_media":52476,"comment_status":"open","ping_status":"open","sticky":false,"template":"","format":"standard","meta":{"footnotes":""},"categories":[7,11],"tags":[136],"class_list":["post-52475","post","type-post","status-publish","format-standard","has-post-thumbnail","hentry","category-nacionales","category-sociedad","tag-destacados"],"_links":{"self":[{"href":"http:\/\/informateesquina.com\/index.php?rest_route=\/wp\/v2\/posts\/52475","targetHints":{"allow":["GET"]}}],"collection":[{"href":"http:\/\/informateesquina.com\/index.php?rest_route=\/wp\/v2\/posts"}],"about":[{"href":"http:\/\/informateesquina.com\/index.php?rest_route=\/wp\/v2\/types\/post"}],"author":[{"embeddable":true,"href":"http:\/\/informateesquina.com\/index.php?rest_route=\/wp\/v2\/users\/3"}],"replies":[{"embeddable":true,"href":"http:\/\/informateesquina.com\/index.php?rest_route=%2Fwp%2Fv2%2Fcomments&post=52475"}],"version-history":[{"count":0,"href":"http:\/\/informateesquina.com\/index.php?rest_route=\/wp\/v2\/posts\/52475\/revisions"}],"wp:featuredmedia":[{"embeddable":true,"href":"http:\/\/informateesquina.com\/index.php?rest_route=\/wp\/v2\/media\/52476"}],"wp:attachment":[{"href":"http:\/\/informateesquina.com\/index.php?rest_route=%2Fwp%2Fv2%2Fmedia&parent=52475"}],"wp:term":[{"taxonomy":"category","embeddable":true,"href":"http:\/\/informateesquina.com\/index.php?rest_route=%2Fwp%2Fv2%2Fcategories&post=52475"},{"taxonomy":"post_tag","embeddable":true,"href":"http:\/\/informateesquina.com\/index.php?rest_route=%2Fwp%2Fv2%2Ftags&post=52475"}],"curies":[{"name":"wp","href":"https:\/\/api.w.org\/{rel}","templated":true}]}}