{"id":52478,"date":"2022-01-25T20:15:35","date_gmt":"2022-01-25T23:15:35","guid":{"rendered":"https:\/\/informateesquina.com\/?p=52478"},"modified":"2022-01-25T20:15:55","modified_gmt":"2022-01-25T23:15:55","slug":"por-el-pico-de-muertes-alistan-la-vuelta-de-profesionales-al-hospital-de-campana","status":"publish","type":"post","link":"http:\/\/informateesquina.com\/?p=52478","title":{"rendered":"Por el pico de muertes, alistan la vuelta de profesionales al Hospital de Campa\u00f1a"},"content":{"rendered":"<p>El ministro de Salud P\u00fablica de Corrientes, Ricardo Cardozo, acord\u00f3 ayer con las autoridades del Hospital de Campa\u00f1a\u00a0el fortalecimiento de recursos humanos. A finales del 2021, los profesionales hab\u00edan retomado sus funciones en otros centros de salud ante el descenso de casos de gravedad de coronavirus.<\/p>\n<p>Pero el pico de muertes registrado hace m\u00e1s de una semana los har\u00e1 volver a cumplir funciones en el \u201cEscuela Hogar\u201d. Tan solo la semana pasada murieron 105 personas por covid-19 en el Hospital de Campa\u00f1a, a las que se le suman los 21 fallecimientos reportados este lunes.<\/p>\n<p>\u201cVinimos en primer lugar a darle todo el apoyo a los directivos, jefes de servicios y personal del Hospital de Campa\u00f1a, y a escuchar sus necesidades. En este sentido, hemos quedado en fortalecer el n\u00famero de recursos humanos, por lo que vamos a conversar con los otros hospitales que hab\u00edan recibido parte de personal formado en este hospital para que retorne, volver a pedir su ayuda y la colaboraci\u00f3n de los m\u00e9dicos terapistas sobre todo del interior, tambi\u00e9n de las \u00e1reas de en kinesiolog\u00eda, bioqu\u00edmica, enfermer\u00eda y salud mental\u201d, precis\u00f3 ayer el ministro Ricardo Cardozo.<\/p>\n<h3><strong>Ahogamiento<\/strong><\/h3>\n<p>Actualmente, en la provincia de Corrientes hay 15.612 casos activos de covid-19 y, si bien esa cifra contin\u00faa en descenso, no cesa el n\u00famero de muertes. La franja etaria m\u00e1s afectada por la mortalidad es de 60 a 80 a\u00f1os.<\/p>\n<p>Desde el Hospital de Campa\u00f1a se\u00f1alaron que el 75% de las personas fallecidas \u00faltimamente no contaban con el esquema de vacunaci\u00f3n covid-19 completo.<\/p>\n<p>Tambi\u00e9n reconocieron el \u201cahogamiento\u201d del personal sanitario ante tantos casos de gravedad, aunque oficialmente detallaron que est\u00e1 ocupado solo el 5.66% de los respiradores.<\/p>\n<h2><strong>Reuni\u00f3n<\/strong><\/h2>\n<p>Del encuentro de ayer tambi\u00e9n particip\u00f3 la Comisi\u00f3n Hospitalaria, creada recientemente, integrada por referentes de distintas \u00e1reas abocados a la gesti\u00f3n de los hospitales.<\/p>\n<p>\u201cHoy el foco de la batalla de Salud P\u00fablica est\u00e1 en el Hospital de Campa\u00f1a. Tambi\u00e9n hablamos de insumos y equipamientos, en lo que est\u00e1n muy bien, con todo lo necesario\u201d, asegur\u00f3 Cardozo. Por el pico de muertes, la atenci\u00f3n de la opini\u00f3n p\u00fablica volvi\u00f3 a centrarse en el funcionamiento de este sanatorio.<\/p>\n<p>Por \u00faltimo, el funcionario remarc\u00f3 que \u201ces importante insistir y fortalecer el mensaje a la poblaci\u00f3n de seguir con los cuidados, poner la atenci\u00f3n y el inter\u00e9s en los adultos mayores. Sobre todo, en los mayores de 60 a\u00f1os que tengan comorbilidades, que son los que tienen que hisoparse, ya que estamos viendo pacientes con estas caracter\u00edsticas que llegan tard\u00edamente a la consulta\u201d.<\/p>\n<h2><strong>Parte m\u00e9dico<\/strong><\/h2>\n<p>De acuerdo al \u00faltimo reporte oficial de la provincia, en el Hospital de Campa\u00f1a se encuentran internados 269 pacientes. Hay 244 pacientes con diagn\u00f3stico de covid-19 en Sala de Cl\u00ednica General. Todos se encuentran cl\u00ednicamente estables.<\/p>\n<p>Mientras que en la Unidad de Terapia Intensiva (UTI) hay 25 pacientes con diagn\u00f3stico de covid-19, 17 con respiraci\u00f3n mec\u00e1nica asistida. Todos con pron\u00f3stico reservado.<\/p>\n<p>Este lunes recibieron el alta 13 pacientes.<\/p>\n<div style=\"right: 0; width: 246px; height: 90px; background: initial;\"><\/div>\n<div style=\"right: 0; width: 86px; height: 250px; background: initial;\"><\/div>\n","protected":false},"excerpt":{"rendered":"<p>El ministro de Salud P\u00fablica de Corrientes, Ricardo Cardozo, acord\u00f3 ayer con las autoridades del Hospital de Campa\u00f1a\u00a0el fortalecimiento de recursos humanos. A finales del 2021, los profesionales hab\u00edan retomado sus funciones en otros centros de salud ante el descenso de casos de gravedad de coronavirus. Pero el pico de muertes registrado hace m\u00e1s de [&hellip;]<\/p>\n","protected":false},"author":3,"featured_media":52479,"comment_status":"open","ping_status":"open","sticky":false,"template":"","format":"standard","meta":{"footnotes":""},"categories":[10,11],"tags":[136],"class_list":["post-52478","post","type-post","status-publish","format-standard","has-post-thumbnail","hentry","category-provinciales","category-sociedad","tag-destacados"],"_links":{"self":[{"href":"http:\/\/informateesquina.com\/index.php?rest_route=\/wp\/v2\/posts\/52478","targetHints":{"allow":["GET"]}}],"collection":[{"href":"http:\/\/informateesquina.com\/index.php?rest_route=\/wp\/v2\/posts"}],"about":[{"href":"http:\/\/informateesquina.com\/index.php?rest_route=\/wp\/v2\/types\/post"}],"author":[{"embeddable":true,"href":"http:\/\/informateesquina.com\/index.php?rest_route=\/wp\/v2\/users\/3"}],"replies":[{"embeddable":true,"href":"http:\/\/informateesquina.com\/index.php?rest_route=%2Fwp%2Fv2%2Fcomments&post=52478"}],"version-history":[{"count":0,"href":"http:\/\/informateesquina.com\/index.php?rest_route=\/wp\/v2\/posts\/52478\/revisions"}],"wp:featuredmedia":[{"embeddable":true,"href":"http:\/\/informateesquina.com\/index.php?rest_route=\/wp\/v2\/media\/52479"}],"wp:attachment":[{"href":"http:\/\/informateesquina.com\/index.php?rest_route=%2Fwp%2Fv2%2Fmedia&parent=52478"}],"wp:term":[{"taxonomy":"category","embeddable":true,"href":"http:\/\/informateesquina.com\/index.php?rest_route=%2Fwp%2Fv2%2Fcategories&post=52478"},{"taxonomy":"post_tag","embeddable":true,"href":"http:\/\/informateesquina.com\/index.php?rest_route=%2Fwp%2Fv2%2Ftags&post=52478"}],"curies":[{"name":"wp","href":"https:\/\/api.w.org\/{rel}","templated":true}]}}