{"id":52481,"date":"2022-01-25T20:21:06","date_gmt":"2022-01-25T23:21:06","guid":{"rendered":"https:\/\/informateesquina.com\/?p=52481"},"modified":"2022-01-25T20:21:06","modified_gmt":"2022-01-25T23:21:06","slug":"el-parana-no-supera-el-metro-de-altura-hace-mas-de-un-mes","status":"publish","type":"post","link":"http:\/\/informateesquina.com\/?p=52481","title":{"rendered":"El Paran\u00e1 no supera el metro de altura hace m\u00e1s de un mes"},"content":{"rendered":"<p>Seg\u00fan el hidr\u00f3metro de Prefectura Naval, el nivel del agua alcanz\u00f3 ayer 34 cent\u00edmetros en el Puerto de Corrientes y se mantiene por debajo del metro desde el 14 de diciembre. En Ituzaing\u00f3, el registro alcanz\u00f3 valores negativos: -0.05.<\/p>\n<p>El pron\u00f3stico del Instituto Nacional del Agua adelanta que para la \u00faltima semana de enero la altura en Corrientes se mantendr\u00e1 alrededor de los 40 cent\u00edmetros y en la primera semana de febrero oscilar\u00e1 en torno a 30 cent\u00edmetros. La tendencia se mantendr\u00eda hasta marzo.<\/p>\n<p>FUENTE: DIARIO \u00c9POCA<\/p>\n","protected":false},"excerpt":{"rendered":"<p>Seg\u00fan el hidr\u00f3metro de Prefectura Naval, el nivel del agua alcanz\u00f3 ayer 34 cent\u00edmetros en el Puerto de Corrientes y se mantiene por debajo del metro desde el 14 de diciembre. En Ituzaing\u00f3, el registro alcanz\u00f3 valores negativos: -0.05. El pron\u00f3stico del Instituto Nacional del Agua adelanta que para la \u00faltima semana de enero la [&hellip;]<\/p>\n","protected":false},"author":3,"featured_media":52482,"comment_status":"open","ping_status":"open","sticky":false,"template":"","format":"standard","meta":{"footnotes":""},"categories":[10,11],"tags":[],"class_list":["post-52481","post","type-post","status-publish","format-standard","has-post-thumbnail","hentry","category-provinciales","category-sociedad"],"_links":{"self":[{"href":"http:\/\/informateesquina.com\/index.php?rest_route=\/wp\/v2\/posts\/52481","targetHints":{"allow":["GET"]}}],"collection":[{"href":"http:\/\/informateesquina.com\/index.php?rest_route=\/wp\/v2\/posts"}],"about":[{"href":"http:\/\/informateesquina.com\/index.php?rest_route=\/wp\/v2\/types\/post"}],"author":[{"embeddable":true,"href":"http:\/\/informateesquina.com\/index.php?rest_route=\/wp\/v2\/users\/3"}],"replies":[{"embeddable":true,"href":"http:\/\/informateesquina.com\/index.php?rest_route=%2Fwp%2Fv2%2Fcomments&post=52481"}],"version-history":[{"count":0,"href":"http:\/\/informateesquina.com\/index.php?rest_route=\/wp\/v2\/posts\/52481\/revisions"}],"wp:featuredmedia":[{"embeddable":true,"href":"http:\/\/informateesquina.com\/index.php?rest_route=\/wp\/v2\/media\/52482"}],"wp:attachment":[{"href":"http:\/\/informateesquina.com\/index.php?rest_route=%2Fwp%2Fv2%2Fmedia&parent=52481"}],"wp:term":[{"taxonomy":"category","embeddable":true,"href":"http:\/\/informateesquina.com\/index.php?rest_route=%2Fwp%2Fv2%2Fcategories&post=52481"},{"taxonomy":"post_tag","embeddable":true,"href":"http:\/\/informateesquina.com\/index.php?rest_route=%2Fwp%2Fv2%2Ftags&post=52481"}],"curies":[{"name":"wp","href":"https:\/\/api.w.org\/{rel}","templated":true}]}}