{"id":52484,"date":"2022-01-25T20:26:05","date_gmt":"2022-01-25T23:26:05","guid":{"rendered":"https:\/\/informateesquina.com\/?p=52484"},"modified":"2022-01-25T20:42:38","modified_gmt":"2022-01-25T23:42:38","slug":"su-ex-pareja-trato-de-matarla-con-un-machete","status":"publish","type":"post","link":"http:\/\/informateesquina.com\/?p=52484","title":{"rendered":"Su ex pareja trat\u00f3 de matarla con un machete"},"content":{"rendered":"<div>\n<p>Calvario. Esa es la palabra que resume lo que vive hoy d\u00eda una mujer que denunci\u00f3 tres veces por violencia de g\u00e9nero a su exconcubino y padre de sus cuatro hijos. El fin de semana el hombre viol\u00f3 una orden de restricci\u00f3n de acercamiento y estuvo a casi nada de matarla con un machete, en una casa de la capital provincial.<\/p>\n<\/div>\n<p>&#8220;Me salvaron los vecinos; escucharon mis gritos y de los chicos. Tambi\u00e9n porque alcanc\u00e9 a defenderme con un palo&#8221;, dijo Norma en di\u00e1logo con \u00e9poca.<\/p>\n<p>El agresor alcanz\u00f3 a huir corriendo y lanzando amenazas de que todos la iban a &#8220;pagar&#8221;. Poco despu\u00e9s lo detuvieron e imputaron, extra\u00f1amente, s\u00f3lo por el delito de &#8220;lesiones leves&#8221;.<\/p>\n<p>Esta historia comenz\u00f3 con un quiebre el 12 de diciembre de 2021. Ese d\u00eda, cumplea\u00f1os de Norma, ella fue v\u00edctima de una paliza por quien todav\u00eda era su concubino, Alejandro Aguirre, de 31 a\u00f1os.<\/p>\n<p>La relaci\u00f3n entre ambos estaba en picada. Aguirre, seg\u00fan Norma, ten\u00eda ataques de celos injustificados. Todo le molestaba, de personalidad posesiva.<\/p>\n<p>Tras &#8220;espantar&#8221; a los amigos y familiares de Norma, cuando hab\u00edan ido a visitarla, el hombre pretendi\u00f3 mantener relaciones sexuales a lo que ella se neg\u00f3.<\/p>\n<p>La mujer de 28 a\u00f1os explic\u00f3 que ya hab\u00eda tomado la decisi\u00f3n de separarse y al dec\u00edrselo \u00e9l intent\u00f3 someterla sexualmente. &#8220;Lo vamos a hacer por las buenas o las malas&#8221;, dijo.<\/p>\n<div class=\"right medium m_image\">\n<figure><img decoding=\"async\" class=\"medium\" src=\"https:\/\/www.diarioepoca.com\/content\/bucket\/4\/1203694w440h1800.jpg\" alt=\"epc250122-012f02.jpg\" \/><figcaption>ALGUNAS DE LAS SECUELAS F\u00cdSICAS SUFRIDAS EL S\u00c1BADO.<\/figcaption><\/figure>\n<\/div>\n<p>Lo que sigui\u00f3 despu\u00e9s fueron agresiones con una tacuara y un corte en la mano que la mujer sufri\u00f3 al defenderse de un cuchillazo. Todo esto transcurri\u00f3 en la vivienda que compart\u00edan en el barrio San Roque Este.<\/p>\n<p>Al d\u00eda siguiente ella lo denunci\u00f3 en la comisar\u00eda Segunda de la Mujer y el Menor y fue sacada de la casa para ser llevada, junto a los ni\u00f1os de 1, 3, 5 y 7 a\u00f1os, al refugio de v\u00edctimas de violencia de g\u00e9nero &#8220;Eli Ver\u00f3n&#8221;, ubicado en inmediaciones al aeropuerto.<\/p>\n<p>Con intervenci\u00f3n del Juzgado Correccional n\u00famero 2 ordenaron a Aguirre a respetar una restricci\u00f3n de acercamiento hacia su ex como hacia sus hijos, ya que a ellos tambi\u00e9n maltrataba.<\/p>\n<p>Debido a las amenazas que recibi\u00f3 Norma, la Justicia dispuso que el hombre lleve colocada una pulsera electr\u00f3nica para su monitoreo y que resida en una vivienda del barrio Fray Jos\u00e9 de la Quintana. Ella, en tanto, recibi\u00f3 un &#8220;bot\u00f3n antip\u00e1nico&#8221;.<\/p>\n<p>Pasaron las fiestas de Navidad y A\u00f1o Nuevo y la mujer decidi\u00f3 que ten\u00eda que volver a su casa, a tratar de seguir una vida &#8220;normal&#8221; junto a los ni\u00f1os.<\/p>\n<p>El 4 de enero volvi\u00f3 al domicilio de calle Tartagal y lo encontr\u00f3 dado vuelta. &#8220;Rompi\u00f3 casi todas las cosas; las ropas prendi\u00f3 fuego&#8221;, dijo la v\u00edctima. Adem\u00e1s, el hombre destruy\u00f3 paredes y escribi\u00f3 frases de amenazas.<\/p>\n<p>&#8220;Esos primeros d\u00edas \u00edbamos a dormir a casas de conocidos, de algunos amigos y de mi comadre. Pero despu\u00e9s dije que no puedo andar escondi\u00e9ndome todo el tiempo y decid\u00ed quedar en mi domicilio, suponiendo que estaba protegida&#8221;, explic\u00f3.<\/p>\n<div class=\"left medium m_image\">\n<figure><img decoding=\"async\" class=\"medium\" src=\"https:\/\/www.diarioepoca.com\/content\/bucket\/5\/1203695w440h1800.jpg\" alt=\"epc250122-012f03.jpg\" \/><figcaption>MIENTRAS ELLA ESTABA EN EL REFUGIO, \u00c9L CAUS\u00d3 DA\u00d1OS.<\/figcaption><\/figure>\n<\/div>\n<p>En ese contexto, el \u00faltimo s\u00e1bado a la noche ocurri\u00f3 el hecho en el que estuvo cerca de morir. &#8220;Lleg\u00f3 de la nada, rompi\u00f3 la puerta armado con un machete y empezamos a gritar con mi hijo mayor. Los nenes se asustaron mucho y a uno de ellos \u00e9l le grit\u00f3, siendo su pap\u00e1, c\u00e1llate hijo de p\u2026&#8221;.<\/p>\n<p>Mujeres y hombres del vecindario corrieron hacia la casa de Norma ya presumiendo lo que ocurr\u00eda. Fueron quienes la salvaron y pusieron en fuga al violento. Horas m\u00e1s tarde Aguirre result\u00f3 otra vez detenido por la Polic\u00eda.<\/p>\n<p>&#8220;Tengo golpes por todo el cuerpo. Dos puntazos de dos puntos de sutura cada uno; raspones y mucho dolor&#8221;, indic\u00f3 la mujer que se anim\u00f3 a exponer su caso.<\/p>\n<p>En el medio los chicos. La nena de 3 a\u00f1os se halla bajo tratamiento neurol\u00f3gico; el chico de 5 fue operado por eso Norma precisa ayuda social.<\/p>\n<div class=\"center large m_image\">\n<figure><img decoding=\"async\" class=\"large\" src=\"https:\/\/www.diarioepoca.com\/content\/bucket\/6\/1203696w980h1800.jpg\" alt=\"epc250122-012f04.jpg\" \/><figcaption>PIDEN A LA JUSTICIA HACER ALGO CON ESTE HOMBRE.<\/figcaption><\/figure>\n<\/div>\n<p>Para cometer el intento de asesinato Aguirre rompi\u00f3 la pulsera electr\u00f3nica. Seg\u00fan registros de la central de monitoreo eso habr\u00eda sucedido a las 22:30 cuando perdieron la se\u00f1al. Sin embargo, nadie alert\u00f3 a tiempo a Norma y cerca de medianoche ocurri\u00f3 el ataque.<\/p>\n<p>&#8220;Si me alertaban hubiera ido a otra casa con mis hijos&#8221;, dijo la mujer que pide protecci\u00f3n y librarse del calvario en el que est\u00e1 sumergida.<\/p>\n<div class=\"center large m_image\">\n<figure><img decoding=\"async\" class=\"large\" src=\"https:\/\/www.diarioepoca.com\/content\/bucket\/7\/1203697w980h1800.jpg\" alt=\"epc250122-012f05.jpg\" \/><figcaption>NI LAS MERCADER\u00cdAS SE SALVARON DE LA VIOLENCIAFUENTE: DIARIO \u00c9POCA<\/p>\n<\/figcaption><\/figure>\n<\/div>\n","protected":false},"excerpt":{"rendered":"<p>Calvario. Esa es la palabra que resume lo que vive hoy d\u00eda una mujer que denunci\u00f3 tres veces por violencia de g\u00e9nero a su exconcubino y padre de sus cuatro hijos. El fin de semana el hombre viol\u00f3 una orden de restricci\u00f3n de acercamiento y estuvo a casi nada de matarla con un machete, en [&hellip;]<\/p>\n","protected":false},"author":3,"featured_media":52485,"comment_status":"open","ping_status":"open","sticky":false,"template":"","format":"standard","meta":{"footnotes":""},"categories":[8,10,11],"tags":[],"class_list":["post-52484","post","type-post","status-publish","format-standard","has-post-thumbnail","hentry","category-policiales","category-provinciales","category-sociedad"],"_links":{"self":[{"href":"http:\/\/informateesquina.com\/index.php?rest_route=\/wp\/v2\/posts\/52484","targetHints":{"allow":["GET"]}}],"collection":[{"href":"http:\/\/informateesquina.com\/index.php?rest_route=\/wp\/v2\/posts"}],"about":[{"href":"http:\/\/informateesquina.com\/index.php?rest_route=\/wp\/v2\/types\/post"}],"author":[{"embeddable":true,"href":"http:\/\/informateesquina.com\/index.php?rest_route=\/wp\/v2\/users\/3"}],"replies":[{"embeddable":true,"href":"http:\/\/informateesquina.com\/index.php?rest_route=%2Fwp%2Fv2%2Fcomments&post=52484"}],"version-history":[{"count":0,"href":"http:\/\/informateesquina.com\/index.php?rest_route=\/wp\/v2\/posts\/52484\/revisions"}],"wp:featuredmedia":[{"embeddable":true,"href":"http:\/\/informateesquina.com\/index.php?rest_route=\/wp\/v2\/media\/52485"}],"wp:attachment":[{"href":"http:\/\/informateesquina.com\/index.php?rest_route=%2Fwp%2Fv2%2Fmedia&parent=52484"}],"wp:term":[{"taxonomy":"category","embeddable":true,"href":"http:\/\/informateesquina.com\/index.php?rest_route=%2Fwp%2Fv2%2Fcategories&post=52484"},{"taxonomy":"post_tag","embeddable":true,"href":"http:\/\/informateesquina.com\/index.php?rest_route=%2Fwp%2Fv2%2Ftags&post=52484"}],"curies":[{"name":"wp","href":"https:\/\/api.w.org\/{rel}","templated":true}]}}